{"id":8768,"date":"2022-07-13T17:15:52","date_gmt":"2022-07-13T15:15:52","guid":{"rendered":"https:\/\/paris-fonds-vert.demeter-im.com\/?p=8768"},"modified":"2023-08-02T17:16:07","modified_gmt":"2023-08-02T15:16:07","slug":"demeter-et-siparex-eti-5-chef-de-fil-dun-pool-dinvestisseurs-accompagnent-le-groupe-familial-aldes-a-loccasion-de-lacquisition-daereco","status":"publish","type":"post","link":"https:\/\/paris-fonds-vert.demeter-im.com\/en\/demeter-et-siparex-eti-5-chef-de-fil-dun-pool-dinvestisseurs-accompagnent-le-groupe-familial-aldes-a-loccasion-de-lacquisition-daereco\/","title":{"rendered":"Demeter et Siparex ETI 5, chef de fil d\u2019un pool d\u2019investisseurs, accompagnent le groupe familial Aldes \u00e0 l\u2019occasion de l\u2019acquisition d\u2019Aereco"},"content":{"rendered":"<p><strong>Le dirigeant d\u2019Aldes, Stanislas Lacroix fait appel \u00e0 un pool minoritaire men\u00e9 par Siparex ETI, (BNP Paribas D\u00e9veloppement et CARVEST- Cr\u00e9dit Agricole R\u00e9gions Investissement), et \u00e0 Paris Fonds Vert (Demeter) pour financer la reprise d\u2019Aereco, entreprise familiale sp\u00e9cialis\u00e9e dans le d\u00e9veloppement de solutions de ventilation innovantes.<\/strong><\/p>\n<p>Fond\u00e9 en 1925 \u00e0 Lyon, le groupe Aldes figure parmi les principaux acteurs europ\u00e9ens du march\u00e9 de la qualit\u00e9 de l\u2019air int\u00e9rieur et du confort thermique. Sp\u00e9cialis\u00e9 dans les syst\u00e8mes de ventilation (syst\u00e8mes de ventilation simple ou double flux \u2013 permettant de conserver les calories de l\u2019air extrait, centrales de traitement de l\u2019air, bouches d\u2019extraction), il est \u00e9galement pr\u00e9sent dans les secteurs de la protection incendie et de l\u2019aspiration centralis\u00e9e.<\/p>\n<p><a href=\"https:\/\/demeter-im.com\/wp-content\/uploads\/CP-Aldes-7-07-22.pdf\" target=\"_blank\" rel=\"noopener\">Cliquez ici pour consulter le communiqu\u00e9 de presse<\/a><\/p>\n","protected":false},"excerpt":{"rendered":"<p>Le dirigeant d\u2019Aldes, Stanislas Lacroix fait appel \u00e0 un pool minoritaire men\u00e9 par Siparex ETI, (BNP Paribas D\u00e9veloppement et CARVEST- &hellip; <a href=\"https:\/\/paris-fonds-vert.demeter-im.com\/en\/demeter-et-siparex-eti-5-chef-de-fil-dun-pool-dinvestisseurs-accompagnent-le-groupe-familial-aldes-a-loccasion-de-lacquisition-daereco\/\" class=\"more-link\">Continue reading<span class=\"screen-reader-text\"> &#8220;Demeter et Siparex ETI 5, chef de fil d\u2019un pool d\u2019investisseurs, accompagnent le groupe familial Aldes \u00e0 l\u2019occasion de l\u2019acquisition d\u2019Aereco&#8221;<\/span><\/a><\/p>\n","protected":false},"author":2,"featured_media":8186,"comment_status":"open","ping_status":"open","sticky":false,"template":"","format":"standard","meta":{"footnotes":""},"categories":[18],"tags":[],"class_list":["post-8768","post","type-post","status-publish","format-standard","has-post-thumbnail","hentry","category-paris-fonds-vert"],"_links":{"self":[{"href":"https:\/\/paris-fonds-vert.demeter-im.com\/en\/wp-json\/wp\/v2\/posts\/8768","targetHints":{"allow":["GET"]}}],"collection":[{"href":"https:\/\/paris-fonds-vert.demeter-im.com\/en\/wp-json\/wp\/v2\/posts"}],"about":[{"href":"https:\/\/paris-fonds-vert.demeter-im.com\/en\/wp-json\/wp\/v2\/types\/post"}],"author":[{"embeddable":true,"href":"https:\/\/paris-fonds-vert.demeter-im.com\/en\/wp-json\/wp\/v2\/users\/2"}],"replies":[{"embeddable":true,"href":"https:\/\/paris-fonds-vert.demeter-im.com\/en\/wp-json\/wp\/v2\/comments?post=8768"}],"version-history":[{"count":1,"href":"https:\/\/paris-fonds-vert.demeter-im.com\/en\/wp-json\/wp\/v2\/posts\/8768\/revisions"}],"predecessor-version":[{"id":8769,"href":"https:\/\/paris-fonds-vert.demeter-im.com\/en\/wp-json\/wp\/v2\/posts\/8768\/revisions\/8769"}],"wp:featuredmedia":[{"embeddable":true,"href":"https:\/\/paris-fonds-vert.demeter-im.com\/en\/wp-json\/wp\/v2\/media\/8186"}],"wp:attachment":[{"href":"https:\/\/paris-fonds-vert.demeter-im.com\/en\/wp-json\/wp\/v2\/media?parent=8768"}],"wp:term":[{"taxonomy":"category","embeddable":true,"href":"https:\/\/paris-fonds-vert.demeter-im.com\/en\/wp-json\/wp\/v2\/categories?post=8768"},{"taxonomy":"post_tag","embeddable":true,"href":"https:\/\/paris-fonds-vert.demeter-im.com\/en\/wp-json\/wp\/v2\/tags?post=8768"}],"curies":[{"name":"wp","href":"https:\/\/api.w.org\/{rel}","templated":true}]}}