{"id":8762,"date":"2022-10-14T17:10:13","date_gmt":"2022-10-14T15:10:13","guid":{"rendered":"https:\/\/paris-fonds-vert.demeter-im.com\/?p=8762"},"modified":"2023-08-02T17:10:32","modified_gmt":"2023-08-02T15:10:32","slug":"sophie-paturle-presente-la-thematique-terre-a-deeptech-voit-big","status":"publish","type":"post","link":"https:\/\/paris-fonds-vert.demeter-im.com\/en\/sophie-paturle-presente-la-thematique-terre-a-deeptech-voit-big\/","title":{"rendered":"Sophie Paturle pr\u00e9sente la th\u00e9matique TERRE \u00e0 \u00ab Deeptech voit BIG \u00bb"},"content":{"rendered":"<p>Le 5 octobre, Sophie Paturle a pr\u00e9sent\u00e9 la th\u00e9matique TERRE \u00e0 l\u2019\u00e9v\u00e9nement \u00ab\u00a0Deeptech voit BIG\u00a0\u00bb organis\u00e9 par Bpifrance. Belle reconnaissance pour toute l\u2019\u00e9quipe Demeter, d\u2019avoir \u00e9t\u00e9 choisie par Bpifrance pour partager notre vision, nos convictions d\u2019investisseur de r\u00e9f\u00e9rence dans le domaine de la transition \u00e9nerg\u00e9tique et \u00e9cologique . J\u2019\u00e9tais fi\u00e8re et heureuse de contribuer \u00e0 la r\u00e9ussite de cet \u00e9v\u00e9nement o\u00f9 chercheurs, entrepreneurs de start up et financiers partageaient leur exp\u00e9rience, leur enthousiasme et leur \u00e9nergie pour attirer les talents \u00e0 faire partie de l\u2019aventure deeptech au service de notre Terre .<\/p>\n<p>L\u2019occasion de r\u00e9v\u00e9ler le meilleur de nos startups et de donner envie aux jeunes talents de nous rejoindre pour construire le monde de demain.<\/p>\n<p><a href=\"https:\/\/www.youtube.com\/watch?v=xSMbp-Ri6s4&amp;list=PLiVkLxLv_KMLxM1fLdSwzNIotVpthhae_&amp;index=5\" target=\"_blank\" rel=\"noopener\">Lien vers l\u2019intervention de Sophie Paturle<\/a><\/p>\n<p>&nbsp;<\/p>\n","protected":false},"excerpt":{"rendered":"<p>Le 5 octobre, Sophie Paturle a pr\u00e9sent\u00e9 la th\u00e9matique TERRE \u00e0 l\u2019\u00e9v\u00e9nement \u00ab\u00a0Deeptech voit BIG\u00a0\u00bb organis\u00e9 par Bpifrance. Belle reconnaissance &hellip; <a href=\"https:\/\/paris-fonds-vert.demeter-im.com\/en\/sophie-paturle-presente-la-thematique-terre-a-deeptech-voit-big\/\" class=\"more-link\">Continue reading<span class=\"screen-reader-text\"> &#8220;Sophie Paturle pr\u00e9sente la th\u00e9matique TERRE \u00e0 \u00ab Deeptech voit BIG \u00bb&#8221;<\/span><\/a><\/p>\n","protected":false},"author":2,"featured_media":8763,"comment_status":"open","ping_status":"open","sticky":false,"template":"","format":"standard","meta":{"footnotes":""},"categories":[18],"tags":[],"class_list":["post-8762","post","type-post","status-publish","format-standard","has-post-thumbnail","hentry","category-paris-fonds-vert"],"_links":{"self":[{"href":"https:\/\/paris-fonds-vert.demeter-im.com\/en\/wp-json\/wp\/v2\/posts\/8762","targetHints":{"allow":["GET"]}}],"collection":[{"href":"https:\/\/paris-fonds-vert.demeter-im.com\/en\/wp-json\/wp\/v2\/posts"}],"about":[{"href":"https:\/\/paris-fonds-vert.demeter-im.com\/en\/wp-json\/wp\/v2\/types\/post"}],"author":[{"embeddable":true,"href":"https:\/\/paris-fonds-vert.demeter-im.com\/en\/wp-json\/wp\/v2\/users\/2"}],"replies":[{"embeddable":true,"href":"https:\/\/paris-fonds-vert.demeter-im.com\/en\/wp-json\/wp\/v2\/comments?post=8762"}],"version-history":[{"count":1,"href":"https:\/\/paris-fonds-vert.demeter-im.com\/en\/wp-json\/wp\/v2\/posts\/8762\/revisions"}],"predecessor-version":[{"id":8764,"href":"https:\/\/paris-fonds-vert.demeter-im.com\/en\/wp-json\/wp\/v2\/posts\/8762\/revisions\/8764"}],"wp:featuredmedia":[{"embeddable":true,"href":"https:\/\/paris-fonds-vert.demeter-im.com\/en\/wp-json\/wp\/v2\/media\/8763"}],"wp:attachment":[{"href":"https:\/\/paris-fonds-vert.demeter-im.com\/en\/wp-json\/wp\/v2\/media?parent=8762"}],"wp:term":[{"taxonomy":"category","embeddable":true,"href":"https:\/\/paris-fonds-vert.demeter-im.com\/en\/wp-json\/wp\/v2\/categories?post=8762"},{"taxonomy":"post_tag","embeddable":true,"href":"https:\/\/paris-fonds-vert.demeter-im.com\/en\/wp-json\/wp\/v2\/tags?post=8762"}],"curies":[{"name":"wp","href":"https:\/\/api.w.org\/{rel}","templated":true}]}}