{"id":8752,"date":"2023-03-08T16:53:53","date_gmt":"2023-03-08T15:53:53","guid":{"rendered":"https:\/\/paris-fonds-vert.demeter-im.com\/?p=8752"},"modified":"2023-08-02T16:58:13","modified_gmt":"2023-08-02T14:58:13","slug":"spareka-leader-autoreparation-realise-levee-fonds-menee-conjointement-par-linvestisseur-historique-paris-fonds-vert","status":"publish","type":"post","link":"https:\/\/paris-fonds-vert.demeter-im.com\/en\/spareka-leader-autoreparation-realise-levee-fonds-menee-conjointement-par-linvestisseur-historique-paris-fonds-vert\/","title":{"rendered":"Spareka, leader de l\u2019autor\u00e9paration, r\u00e9alise une nouvelle lev\u00e9e de fonds men\u00e9e conjointement par l\u2019investisseur historique Paris Fonds Vert, et un nouvel investisseur, la Banque des Territoires"},"content":{"rendered":"<p>Spareka, entreprise \u00e0 mission lanc\u00e9e en 2012 et plateforme de r\u00e9f\u00e9rence pour entretenir et r\u00e9parer soi-m\u00eame ses appareils domestiques, entend conforter sa place de leader de l\u2019auto-r\u00e9paration mais aussi conqu\u00e9rir de nouveaux march\u00e9s gr\u00e2ce \u00e0 une lev\u00e9e de fonds de 11 millions d\u2019euros r\u00e9alis\u00e9e aupr\u00e8s de Demeter et de la Banque des Territoires, pour le compte de l\u2019Etat dans le cadre du programme Territoires d\u2019innovation de France 2030.<\/p>\n<p><a href=\"https:\/\/demeter-im.com\/wp-content\/uploads\/CP-Spareka-leve-11-millions-deuros-et-poursuit-la-revolution-du-secteur-de-la-reparation.pdf\" target=\"_blank\" rel=\"noopener\">Cliquez ici pour consulter le communiqu\u00e9 de presse.<\/a><\/p>\n<p>&nbsp;<\/p>\n<p>&nbsp;<\/p>\n","protected":false},"excerpt":{"rendered":"<p>Spareka, entreprise \u00e0 mission lanc\u00e9e en 2012 et plateforme de r\u00e9f\u00e9rence pour entretenir et r\u00e9parer soi-m\u00eame ses appareils domestiques, entend &hellip; <a href=\"https:\/\/paris-fonds-vert.demeter-im.com\/en\/spareka-leader-autoreparation-realise-levee-fonds-menee-conjointement-par-linvestisseur-historique-paris-fonds-vert\/\" class=\"more-link\">Continue reading<span class=\"screen-reader-text\"> &#8220;Spareka, leader de l\u2019autor\u00e9paration, r\u00e9alise une nouvelle lev\u00e9e de fonds men\u00e9e conjointement par l\u2019investisseur historique Paris Fonds Vert, et un nouvel investisseur, la Banque des Territoires&#8221;<\/span><\/a><\/p>\n","protected":false},"author":2,"featured_media":6231,"comment_status":"open","ping_status":"open","sticky":false,"template":"","format":"standard","meta":{"footnotes":""},"categories":[18],"tags":[],"class_list":["post-8752","post","type-post","status-publish","format-standard","has-post-thumbnail","hentry","category-paris-fonds-vert"],"_links":{"self":[{"href":"https:\/\/paris-fonds-vert.demeter-im.com\/en\/wp-json\/wp\/v2\/posts\/8752","targetHints":{"allow":["GET"]}}],"collection":[{"href":"https:\/\/paris-fonds-vert.demeter-im.com\/en\/wp-json\/wp\/v2\/posts"}],"about":[{"href":"https:\/\/paris-fonds-vert.demeter-im.com\/en\/wp-json\/wp\/v2\/types\/post"}],"author":[{"embeddable":true,"href":"https:\/\/paris-fonds-vert.demeter-im.com\/en\/wp-json\/wp\/v2\/users\/2"}],"replies":[{"embeddable":true,"href":"https:\/\/paris-fonds-vert.demeter-im.com\/en\/wp-json\/wp\/v2\/comments?post=8752"}],"version-history":[{"count":1,"href":"https:\/\/paris-fonds-vert.demeter-im.com\/en\/wp-json\/wp\/v2\/posts\/8752\/revisions"}],"predecessor-version":[{"id":8754,"href":"https:\/\/paris-fonds-vert.demeter-im.com\/en\/wp-json\/wp\/v2\/posts\/8752\/revisions\/8754"}],"wp:featuredmedia":[{"embeddable":true,"href":"https:\/\/paris-fonds-vert.demeter-im.com\/en\/wp-json\/wp\/v2\/media\/6231"}],"wp:attachment":[{"href":"https:\/\/paris-fonds-vert.demeter-im.com\/en\/wp-json\/wp\/v2\/media?parent=8752"}],"wp:term":[{"taxonomy":"category","embeddable":true,"href":"https:\/\/paris-fonds-vert.demeter-im.com\/en\/wp-json\/wp\/v2\/categories?post=8752"},{"taxonomy":"post_tag","embeddable":true,"href":"https:\/\/paris-fonds-vert.demeter-im.com\/en\/wp-json\/wp\/v2\/tags?post=8752"}],"curies":[{"name":"wp","href":"https:\/\/api.w.org\/{rel}","templated":true}]}}