{"id":8612,"date":"2022-03-14T16:48:13","date_gmt":"2022-03-14T15:48:13","guid":{"rendered":"https:\/\/demeter-im.com\/?p=8612"},"modified":"2022-03-30T16:59:46","modified_gmt":"2022-03-30T14:59:46","slug":"lionel-cormier-participe-avec-alterea-societe-en-portefeuille-du-paris-fonds-vert-a-lemission-de-france-24-sur-la-finance-verte-la-racine-de-la-transition-ecologique-dans-l","status":"publish","type":"post","link":"https:\/\/paris-fonds-vert.demeter-im.com\/en\/lionel-cormier-participe-avec-alterea-societe-en-portefeuille-du-paris-fonds-vert-a-lemission-de-france-24-sur-la-finance-verte-la-racine-de-la-transition-ecologique-dans-l\/","title":{"rendered":"Lionel Cormier participe avec Alterea, soci\u00e9t\u00e9 en portefeuille du Paris Fonds Vert, \u00e0 l\u2019\u00e9mission de FRANCE 24 sur \u00ab La finance verte : la racine de la transition \u00e9cologique \u00bb dans l\u2019\u00e9mission Le Gros Mot de l\u2019Eco"},"content":{"rendered":"<p>Le tournage s\u2019est d\u00e9roul\u00e9 sur un chantier phare d\u2019Alterea consistant en la r\u00e9habilitation et la restructuration en logements des anciens b\u00e2timents de bureaux du minist\u00e8re de la D\u00e9fense dans le 7<sup>e<\/sup> arrondissement de Paris. 254 logements seront cr\u00e9\u00e9s avec comme objectif l\u2019atteinte des exigences du Plan climat de la Ville de Paris, soit l\u2019obtention du Label BBC, le respect de la certification CERQUAL niveau NF HABITAT et des consommations \u00e9nerg\u00e9tiques primaires \u2264 80 kwh\/m\u00b2.an.<\/p>\n<p><a href=\"https:\/\/bit.ly\/3h6uvSJ\">Lien vers la vid\u00e9o<\/a><\/p>\n","protected":false},"excerpt":{"rendered":"<p>Le tournage s\u2019est d\u00e9roul\u00e9 sur un chantier phare d\u2019Alterea consistant en la r\u00e9habilitation et la restructuration en logements des anciens &hellip; <a href=\"https:\/\/paris-fonds-vert.demeter-im.com\/en\/lionel-cormier-participe-avec-alterea-societe-en-portefeuille-du-paris-fonds-vert-a-lemission-de-france-24-sur-la-finance-verte-la-racine-de-la-transition-ecologique-dans-l\/\" class=\"more-link\">Continue reading<span class=\"screen-reader-text\"> &#8220;Lionel Cormier participe avec Alterea, soci\u00e9t\u00e9 en portefeuille du Paris Fonds Vert, \u00e0 l\u2019\u00e9mission de FRANCE 24 sur \u00ab La finance verte : la racine de la transition \u00e9cologique \u00bb dans l\u2019\u00e9mission Le Gros Mot de l\u2019Eco&#8221;<\/span><\/a><\/p>\n","protected":false},"author":3,"featured_media":8614,"comment_status":"closed","ping_status":"closed","sticky":false,"template":"","format":"standard","meta":{"footnotes":""},"categories":[20,18],"tags":[],"class_list":["post-8612","post","type-post","status-publish","format-standard","has-post-thumbnail","hentry","category-actualites-francais","category-paris-fonds-vert"],"_links":{"self":[{"href":"https:\/\/paris-fonds-vert.demeter-im.com\/en\/wp-json\/wp\/v2\/posts\/8612","targetHints":{"allow":["GET"]}}],"collection":[{"href":"https:\/\/paris-fonds-vert.demeter-im.com\/en\/wp-json\/wp\/v2\/posts"}],"about":[{"href":"https:\/\/paris-fonds-vert.demeter-im.com\/en\/wp-json\/wp\/v2\/types\/post"}],"author":[{"embeddable":true,"href":"https:\/\/paris-fonds-vert.demeter-im.com\/en\/wp-json\/wp\/v2\/users\/3"}],"replies":[{"embeddable":true,"href":"https:\/\/paris-fonds-vert.demeter-im.com\/en\/wp-json\/wp\/v2\/comments?post=8612"}],"version-history":[{"count":1,"href":"https:\/\/paris-fonds-vert.demeter-im.com\/en\/wp-json\/wp\/v2\/posts\/8612\/revisions"}],"predecessor-version":[{"id":8613,"href":"https:\/\/paris-fonds-vert.demeter-im.com\/en\/wp-json\/wp\/v2\/posts\/8612\/revisions\/8613"}],"wp:featuredmedia":[{"embeddable":true,"href":"https:\/\/paris-fonds-vert.demeter-im.com\/en\/wp-json\/wp\/v2\/media\/8614"}],"wp:attachment":[{"href":"https:\/\/paris-fonds-vert.demeter-im.com\/en\/wp-json\/wp\/v2\/media?parent=8612"}],"wp:term":[{"taxonomy":"category","embeddable":true,"href":"https:\/\/paris-fonds-vert.demeter-im.com\/en\/wp-json\/wp\/v2\/categories?post=8612"},{"taxonomy":"post_tag","embeddable":true,"href":"https:\/\/paris-fonds-vert.demeter-im.com\/en\/wp-json\/wp\/v2\/tags?post=8612"}],"curies":[{"name":"wp","href":"https:\/\/api.w.org\/{rel}","templated":true}]}}