{"id":8605,"date":"2022-03-14T15:08:58","date_gmt":"2022-03-14T14:08:58","guid":{"rendered":"https:\/\/demeter-im.com\/?p=8605"},"modified":"2022-04-01T15:52:16","modified_gmt":"2022-04-01T13:52:16","slug":"saturne-technology-ouvre-son-capital-pour-accelerer-sa-croissance-au-niveau-international-et-devenir-un-leader-europeen-de-la-fabrication-additive-metallique-par-fusion-laser","status":"publish","type":"post","link":"https:\/\/paris-fonds-vert.demeter-im.com\/en\/saturne-technology-ouvre-son-capital-pour-accelerer-sa-croissance-au-niveau-international-et-devenir-un-leader-europeen-de-la-fabrication-additive-metallique-par-fusion-laser\/","title":{"rendered":"Saturne Technology ouvre son capital pour acc\u00e9l\u00e9rer sa croissance au niveau international et devenir un leader europ\u00e9en de la fabrication additive m\u00e9tallique par fusion laser"},"content":{"rendered":"<p>La soci\u00e9t\u00e9 Saturne Technology acteur majeur au niveau europ\u00e9en du march\u00e9 de la fabrication additive m\u00e9tallique par fusion laser (SLM) pour le compte de grands industriels (dont notamment Goodyear, Stryker, Safran group, Rotarex, Alstom Transport) a finalis\u00e9 son augmentation de capital de 3,7 millions d\u2019euros, souscrite par les fonds Akiles, Eurefi, Innovation Fund et le Fonds Europ\u00e9en des Mat\u00e9riaux (Demeter) qui avait d\u00e9j\u00e0 rejoint l\u2019aventure en 2016.<\/p>\n<p><a href=\"https:\/\/paris-fonds-vert.demeter-im.com\/wp-content\/uploads\/Saturne-Technology-communique-de-presse-fr-mars-2022-vdef-003.pdf\">Veuillez cliquer ici pour consulter le communiqu\u00e9 de presse<\/a><\/p>\n","protected":false},"excerpt":{"rendered":"<p>La soci\u00e9t\u00e9 Saturne Technology acteur majeur au niveau europ\u00e9en du march\u00e9 de la fabrication additive m\u00e9tallique par fusion laser (SLM) &hellip; <a href=\"https:\/\/paris-fonds-vert.demeter-im.com\/en\/saturne-technology-ouvre-son-capital-pour-accelerer-sa-croissance-au-niveau-international-et-devenir-un-leader-europeen-de-la-fabrication-additive-metallique-par-fusion-laser\/\" class=\"more-link\">Continue reading<span class=\"screen-reader-text\"> &#8220;Saturne Technology ouvre son capital pour acc\u00e9l\u00e9rer sa croissance au niveau international et devenir un leader europ\u00e9en de la fabrication additive m\u00e9tallique par fusion laser&#8221;<\/span><\/a><\/p>\n","protected":false},"author":3,"featured_media":8604,"comment_status":"closed","ping_status":"closed","sticky":false,"template":"","format":"standard","meta":{"footnotes":""},"categories":[20,18],"tags":[32,102,103],"class_list":["post-8605","post","type-post","status-publish","format-standard","has-post-thumbnail","hentry","category-actualites-francais","category-paris-fonds-vert","tag-demeter","tag-fonds-europeen-des-materiaux","tag-saturne-technology"],"_links":{"self":[{"href":"https:\/\/paris-fonds-vert.demeter-im.com\/en\/wp-json\/wp\/v2\/posts\/8605","targetHints":{"allow":["GET"]}}],"collection":[{"href":"https:\/\/paris-fonds-vert.demeter-im.com\/en\/wp-json\/wp\/v2\/posts"}],"about":[{"href":"https:\/\/paris-fonds-vert.demeter-im.com\/en\/wp-json\/wp\/v2\/types\/post"}],"author":[{"embeddable":true,"href":"https:\/\/paris-fonds-vert.demeter-im.com\/en\/wp-json\/wp\/v2\/users\/3"}],"replies":[{"embeddable":true,"href":"https:\/\/paris-fonds-vert.demeter-im.com\/en\/wp-json\/wp\/v2\/comments?post=8605"}],"version-history":[{"count":1,"href":"https:\/\/paris-fonds-vert.demeter-im.com\/en\/wp-json\/wp\/v2\/posts\/8605\/revisions"}],"predecessor-version":[{"id":8663,"href":"https:\/\/paris-fonds-vert.demeter-im.com\/en\/wp-json\/wp\/v2\/posts\/8605\/revisions\/8663"}],"wp:featuredmedia":[{"embeddable":true,"href":"https:\/\/paris-fonds-vert.demeter-im.com\/en\/wp-json\/wp\/v2\/media\/8604"}],"wp:attachment":[{"href":"https:\/\/paris-fonds-vert.demeter-im.com\/en\/wp-json\/wp\/v2\/media?parent=8605"}],"wp:term":[{"taxonomy":"category","embeddable":true,"href":"https:\/\/paris-fonds-vert.demeter-im.com\/en\/wp-json\/wp\/v2\/categories?post=8605"},{"taxonomy":"post_tag","embeddable":true,"href":"https:\/\/paris-fonds-vert.demeter-im.com\/en\/wp-json\/wp\/v2\/tags?post=8605"}],"curies":[{"name":"wp","href":"https:\/\/api.w.org\/{rel}","templated":true}]}}