{"id":8276,"date":"2021-10-28T12:52:59","date_gmt":"2021-10-28T10:52:59","guid":{"rendered":"https:\/\/demeter-im.com\/?p=8276"},"modified":"2021-10-28T12:52:59","modified_gmt":"2021-10-28T10:52:59","slug":"chesneau-accelere-sa-diversification-avec-lacquisition-de-serret-mecanique","status":"publish","type":"post","link":"https:\/\/paris-fonds-vert.demeter-im.com\/en\/chesneau-accelere-sa-diversification-avec-lacquisition-de-serret-mecanique\/","title":{"rendered":"Chesneau acc\u00e9l\u00e8re sa diversification avec l\u2019acquisition de Serret M\u00e9canique"},"content":{"rendered":"<p>Soutenue par les \u00e9quipes d\u2019UI depuis 2011 et rejoint par DEMETER en 2019, CHESNEAU acc\u00e9l\u00e8re la mise en \u0153uvre de son plan de d\u00e9veloppement avec une premi\u00e8re croissance externe.<\/p>\n<p><a href=\"https:\/\/paris-fonds-vert.demeter-im.com\/wp-content\/uploads\/UI-CP-Chesneau_AcquisitionSerretMecanique-vf.pdf\" target=\"_blank\" rel=\"noopener\">Consultez ce lien pour acc\u00e9der au communiqu\u00e9 de presse.<\/a><\/p>\n","protected":false},"excerpt":{"rendered":"<p>Soutenue par les \u00e9quipes d\u2019UI depuis 2011 et rejoint par DEMETER en 2019, CHESNEAU acc\u00e9l\u00e8re la mise en \u0153uvre de &hellip; <a href=\"https:\/\/paris-fonds-vert.demeter-im.com\/en\/chesneau-accelere-sa-diversification-avec-lacquisition-de-serret-mecanique\/\" class=\"more-link\">Continue reading<span class=\"screen-reader-text\"> &#8220;Chesneau acc\u00e9l\u00e8re sa diversification avec l\u2019acquisition de Serret M\u00e9canique&#8221;<\/span><\/a><\/p>\n","protected":false},"author":3,"featured_media":8279,"comment_status":"closed","ping_status":"closed","sticky":false,"template":"","format":"standard","meta":{"footnotes":""},"categories":[20,18],"tags":[82,81,32,84,83],"class_list":["post-8276","post","type-post","status-publish","format-standard","has-post-thumbnail","hentry","category-actualites-francais","category-paris-fonds-vert","tag-chesneau","tag-communique-de-presse","tag-demeter","tag-diversification","tag-serret-mecanique"],"_links":{"self":[{"href":"https:\/\/paris-fonds-vert.demeter-im.com\/en\/wp-json\/wp\/v2\/posts\/8276","targetHints":{"allow":["GET"]}}],"collection":[{"href":"https:\/\/paris-fonds-vert.demeter-im.com\/en\/wp-json\/wp\/v2\/posts"}],"about":[{"href":"https:\/\/paris-fonds-vert.demeter-im.com\/en\/wp-json\/wp\/v2\/types\/post"}],"author":[{"embeddable":true,"href":"https:\/\/paris-fonds-vert.demeter-im.com\/en\/wp-json\/wp\/v2\/users\/3"}],"replies":[{"embeddable":true,"href":"https:\/\/paris-fonds-vert.demeter-im.com\/en\/wp-json\/wp\/v2\/comments?post=8276"}],"version-history":[{"count":0,"href":"https:\/\/paris-fonds-vert.demeter-im.com\/en\/wp-json\/wp\/v2\/posts\/8276\/revisions"}],"wp:featuredmedia":[{"embeddable":true,"href":"https:\/\/paris-fonds-vert.demeter-im.com\/en\/wp-json\/wp\/v2\/media\/8279"}],"wp:attachment":[{"href":"https:\/\/paris-fonds-vert.demeter-im.com\/en\/wp-json\/wp\/v2\/media?parent=8276"}],"wp:term":[{"taxonomy":"category","embeddable":true,"href":"https:\/\/paris-fonds-vert.demeter-im.com\/en\/wp-json\/wp\/v2\/categories?post=8276"},{"taxonomy":"post_tag","embeddable":true,"href":"https:\/\/paris-fonds-vert.demeter-im.com\/en\/wp-json\/wp\/v2\/tags?post=8276"}],"curies":[{"name":"wp","href":"https:\/\/api.w.org\/{rel}","templated":true}]}}