{"id":8103,"date":"2021-09-17T14:27:35","date_gmt":"2021-09-17T12:27:35","guid":{"rendered":"https:\/\/demeter-im.com\/?p=8103"},"modified":"2021-09-17T14:27:35","modified_gmt":"2021-09-17T12:27:35","slug":"egret-accueille-paris-fonds-vert-a-son-capital","status":"publish","type":"post","link":"https:\/\/paris-fonds-vert.demeter-im.com\/en\/egret-accueille-paris-fonds-vert-a-son-capital\/","title":{"rendered":"Egret accueille Paris Fonds Vert \u00e0 son capital"},"content":{"rendered":"<p>Egret, concepteur et fabricant allemand de trottinettes \u00e9lectriques premium, pliables et innovantes, annonce avoir r\u00e9alis\u00e9 une lev\u00e9e de fonds aupr\u00e8s de Paris Fonds Vert, fonds de\u00a0capital d\u00e9veloppement pour la transition \u00e9cologique des m\u00e9tropoles, g\u00e9r\u00e9 par Demeter et\u00a0soutenu par la Ville de Paris.<\/p>\n<p>Gr\u00e2ce aux capitaux lev\u00e9s aupr\u00e8s de Paris Fonds Vert, Egret va consolider son avance\u00a0technologique et qualitative \u00e0 travers l\u2019annonce d\u2019une nouvelle gamme de produits tout en\u00a0renfor\u00e7ant sa strat\u00e9gie de distribution \u00e0 l\u2019international.<\/p>\n<p><a href=\"https:\/\/paris-fonds-vert.demeter-im.com\/wp-content\/uploads\/2021-09-17-Communique-de-presse-Walberg-Demeter.pdf\" target=\"_blank\" rel=\"noopener\">Cliquez ici pour consulter le communiqu\u00e9 de presse. <\/a><\/p>\n","protected":false},"excerpt":{"rendered":"<p>Egret, concepteur et fabricant allemand de trottinettes \u00e9lectriques premium, pliables et innovantes, annonce avoir r\u00e9alis\u00e9 une lev\u00e9e de fonds aupr\u00e8s &hellip; <a href=\"https:\/\/paris-fonds-vert.demeter-im.com\/en\/egret-accueille-paris-fonds-vert-a-son-capital\/\" class=\"more-link\">Continue reading<span class=\"screen-reader-text\"> &#8220;Egret accueille Paris Fonds Vert \u00e0 son capital&#8221;<\/span><\/a><\/p>\n","protected":false},"author":3,"featured_media":8106,"comment_status":"closed","ping_status":"closed","sticky":false,"template":"","format":"standard","meta":{"footnotes":""},"categories":[20,18],"tags":[70,32,66,68,69,67],"class_list":["post-8103","post","type-post","status-publish","format-standard","has-post-thumbnail","hentry","category-actualites-francais","category-paris-fonds-vert","tag-capital-developpement","tag-demeter","tag-egret","tag-paris-fond-vert","tag-trottinette-electrique","tag-walberg"],"_links":{"self":[{"href":"https:\/\/paris-fonds-vert.demeter-im.com\/en\/wp-json\/wp\/v2\/posts\/8103","targetHints":{"allow":["GET"]}}],"collection":[{"href":"https:\/\/paris-fonds-vert.demeter-im.com\/en\/wp-json\/wp\/v2\/posts"}],"about":[{"href":"https:\/\/paris-fonds-vert.demeter-im.com\/en\/wp-json\/wp\/v2\/types\/post"}],"author":[{"embeddable":true,"href":"https:\/\/paris-fonds-vert.demeter-im.com\/en\/wp-json\/wp\/v2\/users\/3"}],"replies":[{"embeddable":true,"href":"https:\/\/paris-fonds-vert.demeter-im.com\/en\/wp-json\/wp\/v2\/comments?post=8103"}],"version-history":[{"count":0,"href":"https:\/\/paris-fonds-vert.demeter-im.com\/en\/wp-json\/wp\/v2\/posts\/8103\/revisions"}],"wp:featuredmedia":[{"embeddable":true,"href":"https:\/\/paris-fonds-vert.demeter-im.com\/en\/wp-json\/wp\/v2\/media\/8106"}],"wp:attachment":[{"href":"https:\/\/paris-fonds-vert.demeter-im.com\/en\/wp-json\/wp\/v2\/media?parent=8103"}],"wp:term":[{"taxonomy":"category","embeddable":true,"href":"https:\/\/paris-fonds-vert.demeter-im.com\/en\/wp-json\/wp\/v2\/categories?post=8103"},{"taxonomy":"post_tag","embeddable":true,"href":"https:\/\/paris-fonds-vert.demeter-im.com\/en\/wp-json\/wp\/v2\/tags?post=8103"}],"curies":[{"name":"wp","href":"https:\/\/api.w.org\/{rel}","templated":true}]}}