{"id":8062,"date":"2021-09-13T16:54:08","date_gmt":"2021-09-13T14:54:08","guid":{"rendered":"https:\/\/demeter-im.com\/?p=8062"},"modified":"2021-09-13T16:54:08","modified_gmt":"2021-09-13T14:54:08","slug":"inauguration-de-la-display-valley-aledia","status":"publish","type":"post","link":"https:\/\/paris-fonds-vert.demeter-im.com\/en\/inauguration-de-la-display-valley-aledia\/","title":{"rendered":"Inauguration de la Display Valley &#8211; Aledia"},"content":{"rendered":"<p>Aledia, qui a d\u00e9velopp\u00e9 une technologie leader des microleds pour display, a inaugur\u00e9 le 2 septembre son futur site de production \u00e0 Champagnier, pr\u00e8s de Grenoble. C\u2019\u00e9tait aussi l\u2019occasion pour Agn\u00e8s Pannier-Runacher, Ministre d\u00e9l\u00e9gu\u00e9e, en charge de l\u2019industrie, et C\u00e9dric O, Secr\u00e9taire d\u2019Etat, en charge du num\u00e9rique de venir en Is\u00e8re pour lancer la Display Valley.<\/p>\n<p>Demeter, repr\u00e9sent\u00e9 par Sophie Paturle, membre du Board d\u2019Aledia, est particuli\u00e8rement fier du chemin parcouru et d\u2019accompagner Aledia en tant qu\u2019actionnaire financier fondateur, puisque pr\u00e9sent depuis le premier tour de financement.<\/p>\n<p>C\u2019est gr\u00e2ce \u00e0 des start-up industrielles et les technologies disruptives comme celle d\u00e9velopp\u00e9e par Aledia, sur des march\u00e9s de grande ampleur comme celui des displays que nous apportons des solutions cr\u00e9atrices de valeur et d\u2019emplois permettant de r\u00e9aliser la transition \u00e9cologique.<\/p>\n<p><img loading=\"lazy\" decoding=\"async\" class=\"alignnone size-medium wp-image-8072\" src=\"https:\/\/demeter-im.com\/wp-content\/uploads\/ALEDIA-2-SEPTEMBRE-2021-1-300x200.jpg\" alt=\"\" width=\"300\" height=\"200\" \/><img loading=\"lazy\" decoding=\"async\" class=\"alignnone size-medium wp-image-8073\" src=\"https:\/\/demeter-im.com\/wp-content\/uploads\/ALEDIA-2-SEPTEMBRE-2021-2-300x200.jpg\" alt=\"\" width=\"300\" height=\"200\" \/><\/p>\n","protected":false},"excerpt":{"rendered":"<p>Aledia, qui a d\u00e9velopp\u00e9 une technologie leader des microleds pour display, a inaugur\u00e9 le 2 septembre son futur site de &hellip; <a href=\"https:\/\/paris-fonds-vert.demeter-im.com\/en\/inauguration-de-la-display-valley-aledia\/\" class=\"more-link\">Continue reading<span class=\"screen-reader-text\"> &#8220;Inauguration de la Display Valley &#8211; Aledia&#8221;<\/span><\/a><\/p>\n","protected":false},"author":3,"featured_media":8063,"comment_status":"closed","ping_status":"closed","sticky":false,"template":"","format":"standard","meta":{"footnotes":""},"categories":[20,18],"tags":[62,63,64,65],"class_list":["post-8062","post","type-post","status-publish","format-standard","has-post-thumbnail","hentry","category-actualites-francais","category-paris-fonds-vert","tag-innovation-fr","tag-led","tag-microleds","tag-technologie-disruptive"],"_links":{"self":[{"href":"https:\/\/paris-fonds-vert.demeter-im.com\/en\/wp-json\/wp\/v2\/posts\/8062","targetHints":{"allow":["GET"]}}],"collection":[{"href":"https:\/\/paris-fonds-vert.demeter-im.com\/en\/wp-json\/wp\/v2\/posts"}],"about":[{"href":"https:\/\/paris-fonds-vert.demeter-im.com\/en\/wp-json\/wp\/v2\/types\/post"}],"author":[{"embeddable":true,"href":"https:\/\/paris-fonds-vert.demeter-im.com\/en\/wp-json\/wp\/v2\/users\/3"}],"replies":[{"embeddable":true,"href":"https:\/\/paris-fonds-vert.demeter-im.com\/en\/wp-json\/wp\/v2\/comments?post=8062"}],"version-history":[{"count":0,"href":"https:\/\/paris-fonds-vert.demeter-im.com\/en\/wp-json\/wp\/v2\/posts\/8062\/revisions"}],"wp:featuredmedia":[{"embeddable":true,"href":"https:\/\/paris-fonds-vert.demeter-im.com\/en\/wp-json\/wp\/v2\/media\/8063"}],"wp:attachment":[{"href":"https:\/\/paris-fonds-vert.demeter-im.com\/en\/wp-json\/wp\/v2\/media?parent=8062"}],"wp:term":[{"taxonomy":"category","embeddable":true,"href":"https:\/\/paris-fonds-vert.demeter-im.com\/en\/wp-json\/wp\/v2\/categories?post=8062"},{"taxonomy":"post_tag","embeddable":true,"href":"https:\/\/paris-fonds-vert.demeter-im.com\/en\/wp-json\/wp\/v2\/tags?post=8062"}],"curies":[{"name":"wp","href":"https:\/\/api.w.org\/{rel}","templated":true}]}}