{"id":7362,"date":"2021-05-25T16:15:56","date_gmt":"2021-05-25T14:15:56","guid":{"rendered":"https:\/\/demeter-im.com\/?p=7362"},"modified":"2021-05-25T16:15:56","modified_gmt":"2021-05-25T14:15:56","slug":"olivier-usureau-a-participe-au-forum-sur-leconomie-circulaire-organise-par-expansion-et-construcia-a-madrid","status":"publish","type":"post","link":"https:\/\/paris-fonds-vert.demeter-im.com\/en\/olivier-usureau-a-participe-au-forum-sur-leconomie-circulaire-organise-par-expansion-et-construcia-a-madrid\/","title":{"rendered":"Olivier Usureau a particip\u00e9 au forum sur l&#8217;\u00e9conomie circulaire organis\u00e9 par Expansion et Construcia \u00e0 Madrid"},"content":{"rendered":"<p>Olivier Usureau, Partner Spain chez Demeter, a particip\u00e9 au forum sur l&#8217;\u00e9conomie circulaire organis\u00e9 par Expansion et Construcia \u00e0 Madrid.<\/p>\n<p>L&#8217;\u00e9v\u00e9nement a \u00e9t\u00e9 inaugur\u00e9 par le maire de Madrid, Mr. Jos\u00e9 Luis Almeida, et a r\u00e9uni de grandes entreprises (entre autres\u00a0: Amazon, Airbus, Iberostar, Procter &amp; Gamble, Schneider Electric, Ikea, Unibail Rodamco and Brambles), des hauts fonctionnaires et des professionnels du secteur financier (BBVA, Blackrock) qui ont discut\u00e9 comment financer la circularit\u00e9, quelles strat\u00e9gies adopter et les avantages de l\u2019\u00e9conomie circulaire.<\/p>\n<p><a href=\"https:\/\/youtu.be\/xwO73qcbCmQ\">https:\/\/youtu.be\/xwO73qcbCmQ<\/a><\/p>\n<p>&nbsp;<\/p>\n<p>&nbsp;<\/p>\n<p>&nbsp;<\/p>\n<p><img loading=\"lazy\" decoding=\"async\" class=\"aligncenter wp-image-7364 \" src=\"https:\/\/paris-fonds-vert.demeter-im.com\/wp-content\/uploads\/1621934774891.jpg\" alt=\"\" width=\"841\" height=\"445\" srcset=\"https:\/\/paris-fonds-vert.demeter-im.com\/wp-content\/uploads\/1621934774891.jpg 2048w, https:\/\/paris-fonds-vert.demeter-im.com\/wp-content\/uploads\/1621934774891-768x407.jpg 768w, https:\/\/paris-fonds-vert.demeter-im.com\/wp-content\/uploads\/1621934774891-1536x814.jpg 1536w, https:\/\/paris-fonds-vert.demeter-im.com\/wp-content\/uploads\/1621934774891-1200x636.jpg 1200w\" sizes=\"auto, (max-width: 709px) 85vw, (max-width: 909px) 67vw, (max-width: 1362px) 62vw, 840px\" \/><\/p>\n<p><img loading=\"lazy\" decoding=\"async\" class=\"aligncenter wp-image-7365 \" src=\"https:\/\/paris-fonds-vert.demeter-im.com\/wp-content\/uploads\/Foro-Construcia-2.jpg\" alt=\"\" width=\"842\" height=\"631\" srcset=\"https:\/\/paris-fonds-vert.demeter-im.com\/wp-content\/uploads\/Foro-Construcia-2.jpg 2048w, https:\/\/paris-fonds-vert.demeter-im.com\/wp-content\/uploads\/Foro-Construcia-2-768x576.jpg 768w, https:\/\/paris-fonds-vert.demeter-im.com\/wp-content\/uploads\/Foro-Construcia-2-1536x1152.jpg 1536w, https:\/\/paris-fonds-vert.demeter-im.com\/wp-content\/uploads\/Foro-Construcia-2-1200x900.jpg 1200w\" sizes=\"auto, (max-width: 709px) 85vw, (max-width: 909px) 67vw, (max-width: 1362px) 62vw, 840px\" \/><\/p>\n","protected":false},"excerpt":{"rendered":"<p>Olivier Usureau, Partner Spain chez Demeter, a particip\u00e9 au forum sur l&#8217;\u00e9conomie circulaire organis\u00e9 par Expansion et Construcia \u00e0 Madrid. &hellip; <a href=\"https:\/\/paris-fonds-vert.demeter-im.com\/en\/olivier-usureau-a-participe-au-forum-sur-leconomie-circulaire-organise-par-expansion-et-construcia-a-madrid\/\" class=\"more-link\">Continue reading<span class=\"screen-reader-text\"> &#8220;Olivier Usureau a particip\u00e9 au forum sur l&#8217;\u00e9conomie circulaire organis\u00e9 par Expansion et Construcia \u00e0 Madrid&#8221;<\/span><\/a><\/p>\n","protected":false},"author":3,"featured_media":7363,"comment_status":"closed","ping_status":"closed","sticky":false,"template":"","format":"standard","meta":{"footnotes":""},"categories":[20,18],"tags":[],"class_list":["post-7362","post","type-post","status-publish","format-standard","has-post-thumbnail","hentry","category-actualites-francais","category-paris-fonds-vert"],"_links":{"self":[{"href":"https:\/\/paris-fonds-vert.demeter-im.com\/en\/wp-json\/wp\/v2\/posts\/7362","targetHints":{"allow":["GET"]}}],"collection":[{"href":"https:\/\/paris-fonds-vert.demeter-im.com\/en\/wp-json\/wp\/v2\/posts"}],"about":[{"href":"https:\/\/paris-fonds-vert.demeter-im.com\/en\/wp-json\/wp\/v2\/types\/post"}],"author":[{"embeddable":true,"href":"https:\/\/paris-fonds-vert.demeter-im.com\/en\/wp-json\/wp\/v2\/users\/3"}],"replies":[{"embeddable":true,"href":"https:\/\/paris-fonds-vert.demeter-im.com\/en\/wp-json\/wp\/v2\/comments?post=7362"}],"version-history":[{"count":0,"href":"https:\/\/paris-fonds-vert.demeter-im.com\/en\/wp-json\/wp\/v2\/posts\/7362\/revisions"}],"wp:featuredmedia":[{"embeddable":true,"href":"https:\/\/paris-fonds-vert.demeter-im.com\/en\/wp-json\/wp\/v2\/media\/7363"}],"wp:attachment":[{"href":"https:\/\/paris-fonds-vert.demeter-im.com\/en\/wp-json\/wp\/v2\/media?parent=7362"}],"wp:term":[{"taxonomy":"category","embeddable":true,"href":"https:\/\/paris-fonds-vert.demeter-im.com\/en\/wp-json\/wp\/v2\/categories?post=7362"},{"taxonomy":"post_tag","embeddable":true,"href":"https:\/\/paris-fonds-vert.demeter-im.com\/en\/wp-json\/wp\/v2\/tags?post=7362"}],"curies":[{"name":"wp","href":"https:\/\/api.w.org\/{rel}","templated":true}]}}