{"id":7352,"date":"2021-05-11T16:37:49","date_gmt":"2021-05-11T14:37:49","guid":{"rendered":"https:\/\/demeter-im.com\/?p=7352"},"modified":"2021-05-11T16:37:49","modified_gmt":"2021-05-11T14:37:49","slug":"paris-fonds-vert-investit-au-capital-construcia-le-groupe-de-construction-espagnol-qui-fait-entrer-le-secteur-de-la-construction-dans-lere-de-leconomie-circulaire","status":"publish","type":"post","link":"https:\/\/paris-fonds-vert.demeter-im.com\/en\/paris-fonds-vert-investit-au-capital-construcia-le-groupe-de-construction-espagnol-qui-fait-entrer-le-secteur-de-la-construction-dans-lere-de-leconomie-circulaire\/","title":{"rendered":"Paris Fonds Vert investit au capital Construc\u00eda, le groupe de construction espagnol qui fait entrer le secteur de la construction dans l\u2019\u00e8re de l&#8217;\u00e9conomie circulaire"},"content":{"rendered":"<p>Construc\u00eda, entreprise espagnole de construction pionni\u00e8re dans le d\u00e9veloppement d&#8217;un mod\u00e8le de construction circulaire annonce que Paris Fonds Vert a pris une participation de 22% \u00e0 son capital dans le cadre d\u2019un investissement destin\u00e9 \u00e0 financer son programme de d\u00e9veloppement ambitieux. Paris Fonds Vert est un fonds d\u2019investissement dont la vocation est d\u2019accompagner les PME europ\u00e9ennes, innovantes et de forte croissance dont les solutions contribuent \u00e0 la transition \u00e9cologique des grandes villes. Le fonds dont l\u2019initiative revient \u00e0 la ville de Paris est g\u00e9r\u00e9 par Demeter Partners, pionner et leader de la gestion de fonds destin\u00e9s \u00e0 la transition \u00e9cologique. L&#8217;investissement qui pourra aller jusqu\u2019\u00e0 44% du capital permettra \u00e0 l&#8217;entreprise de poursuivre son expansion internationale, avec un accent particulier sur le march\u00e9 fran\u00e7ais, de renforcer sa capacit\u00e9 d\u2019investissement dans l&#8217;innovation, ainsi que de financer son activit\u00e9 de promotion immobili\u00e8re circulaire.<\/p>\n<p><a href=\"https:\/\/paris-fonds-vert.demeter-im.com\/wp-content\/uploads\/2021.05.11-CP-Construcia_FR.pdf\" target=\"_blank\" rel=\"noopener\">Pour\u00a0en savoir\u00a0plus,\u00a0veuillez consulter\u00a0le\u00a0communiqu\u00e9\u00a0de\u00a0presse ci-joint.<\/a><\/p>\n","protected":false},"excerpt":{"rendered":"<p>Construc\u00eda, entreprise espagnole de construction pionni\u00e8re dans le d\u00e9veloppement d&#8217;un mod\u00e8le de construction circulaire annonce que Paris Fonds Vert a &hellip; <a href=\"https:\/\/paris-fonds-vert.demeter-im.com\/en\/paris-fonds-vert-investit-au-capital-construcia-le-groupe-de-construction-espagnol-qui-fait-entrer-le-secteur-de-la-construction-dans-lere-de-leconomie-circulaire\/\" class=\"more-link\">Continue reading<span class=\"screen-reader-text\"> &#8220;Paris Fonds Vert investit au capital Construc\u00eda, le groupe de construction espagnol qui fait entrer le secteur de la construction dans l\u2019\u00e8re de l&#8217;\u00e9conomie circulaire&#8221;<\/span><\/a><\/p>\n","protected":false},"author":3,"featured_media":7354,"comment_status":"closed","ping_status":"closed","sticky":false,"template":"","format":"standard","meta":{"footnotes":""},"categories":[20,18],"tags":[143,32,142,58,87],"class_list":["post-7352","post","type-post","status-publish","format-standard","has-post-thumbnail","hentry","category-actualites-francais","category-paris-fonds-vert","tag-construcia","tag-demeter","tag-developpement","tag-investissement","tag-paris-fonds-vert"],"_links":{"self":[{"href":"https:\/\/paris-fonds-vert.demeter-im.com\/en\/wp-json\/wp\/v2\/posts\/7352","targetHints":{"allow":["GET"]}}],"collection":[{"href":"https:\/\/paris-fonds-vert.demeter-im.com\/en\/wp-json\/wp\/v2\/posts"}],"about":[{"href":"https:\/\/paris-fonds-vert.demeter-im.com\/en\/wp-json\/wp\/v2\/types\/post"}],"author":[{"embeddable":true,"href":"https:\/\/paris-fonds-vert.demeter-im.com\/en\/wp-json\/wp\/v2\/users\/3"}],"replies":[{"embeddable":true,"href":"https:\/\/paris-fonds-vert.demeter-im.com\/en\/wp-json\/wp\/v2\/comments?post=7352"}],"version-history":[{"count":0,"href":"https:\/\/paris-fonds-vert.demeter-im.com\/en\/wp-json\/wp\/v2\/posts\/7352\/revisions"}],"wp:featuredmedia":[{"embeddable":true,"href":"https:\/\/paris-fonds-vert.demeter-im.com\/en\/wp-json\/wp\/v2\/media\/7354"}],"wp:attachment":[{"href":"https:\/\/paris-fonds-vert.demeter-im.com\/en\/wp-json\/wp\/v2\/media?parent=7352"}],"wp:term":[{"taxonomy":"category","embeddable":true,"href":"https:\/\/paris-fonds-vert.demeter-im.com\/en\/wp-json\/wp\/v2\/categories?post=7352"},{"taxonomy":"post_tag","embeddable":true,"href":"https:\/\/paris-fonds-vert.demeter-im.com\/en\/wp-json\/wp\/v2\/tags?post=7352"}],"curies":[{"name":"wp","href":"https:\/\/api.w.org\/{rel}","templated":true}]}}