{"id":7338,"date":"2021-05-03T15:11:51","date_gmt":"2021-05-03T13:11:51","guid":{"rendered":"https:\/\/demeter-im.com\/?p=7338"},"modified":"2021-05-03T15:11:51","modified_gmt":"2021-05-03T13:11:51","slug":"demeter-partners-rejoint-finance-for-biodiversity-engagement-fort-en-faveur-de-la-preservation-de-la-biodiversite","status":"publish","type":"post","link":"https:\/\/paris-fonds-vert.demeter-im.com\/en\/demeter-partners-rejoint-finance-for-biodiversity-engagement-fort-en-faveur-de-la-preservation-de-la-biodiversite\/","title":{"rendered":"Demeter Partners rejoint Finance for Biodiversity, engagement fort en faveur de la pr\u00e9servation de la Biodiversit\u00e9"},"content":{"rendered":"<p>Initi\u00e9 par 26 institutions financi\u00e8res majeures et internationales, Finance for Biodiversity participe \u00e0 la pr\u00e9servation ainsi qu\u2019\u00e0 la restauration de la biodiversit\u00e9. A travers ces diff\u00e9rents programmes, ce mouvement sensibilise, met en place des outils quantitatifs et sugg\u00e8re des politiques \u00e0 adopter afin de contribuer aux engagements initi\u00e9s par les Accords de Paris en 2015 et ceux de la Convention de la Biodiversit\u00e9 en 2021. Int\u00e9grer Finance for Biodiversity est pour Demeter une occasion suppl\u00e9mentaire d\u2019affirmer ses objectifs en mati\u00e8re de pr\u00e9servation de la biodiversit\u00e9 et des \u00e9cosyst\u00e8mes.<\/p>\n","protected":false},"excerpt":{"rendered":"<p>Initi\u00e9 par 26 institutions financi\u00e8res majeures et internationales, Finance for Biodiversity participe \u00e0 la pr\u00e9servation ainsi qu\u2019\u00e0 la restauration de &hellip; <a href=\"https:\/\/paris-fonds-vert.demeter-im.com\/en\/demeter-partners-rejoint-finance-for-biodiversity-engagement-fort-en-faveur-de-la-preservation-de-la-biodiversite\/\" class=\"more-link\">Continue reading<span class=\"screen-reader-text\"> &#8220;Demeter Partners rejoint Finance for Biodiversity, engagement fort en faveur de la pr\u00e9servation de la Biodiversit\u00e9&#8221;<\/span><\/a><\/p>\n","protected":false},"author":3,"featured_media":7344,"comment_status":"closed","ping_status":"closed","sticky":false,"template":"","format":"standard","meta":{"footnotes":""},"categories":[20,18],"tags":[140,32,141,136,137,138,139],"class_list":["post-7338","post","type-post","status-publish","format-standard","has-post-thumbnail","hentry","category-actualites-francais","category-paris-fonds-vert","tag-biodiversite","tag-demeter","tag-ecosysteme","tag-finance-for-biodiversity","tag-pledge","tag-preservation","tag-restauration"],"_links":{"self":[{"href":"https:\/\/paris-fonds-vert.demeter-im.com\/en\/wp-json\/wp\/v2\/posts\/7338","targetHints":{"allow":["GET"]}}],"collection":[{"href":"https:\/\/paris-fonds-vert.demeter-im.com\/en\/wp-json\/wp\/v2\/posts"}],"about":[{"href":"https:\/\/paris-fonds-vert.demeter-im.com\/en\/wp-json\/wp\/v2\/types\/post"}],"author":[{"embeddable":true,"href":"https:\/\/paris-fonds-vert.demeter-im.com\/en\/wp-json\/wp\/v2\/users\/3"}],"replies":[{"embeddable":true,"href":"https:\/\/paris-fonds-vert.demeter-im.com\/en\/wp-json\/wp\/v2\/comments?post=7338"}],"version-history":[{"count":0,"href":"https:\/\/paris-fonds-vert.demeter-im.com\/en\/wp-json\/wp\/v2\/posts\/7338\/revisions"}],"wp:featuredmedia":[{"embeddable":true,"href":"https:\/\/paris-fonds-vert.demeter-im.com\/en\/wp-json\/wp\/v2\/media\/7344"}],"wp:attachment":[{"href":"https:\/\/paris-fonds-vert.demeter-im.com\/en\/wp-json\/wp\/v2\/media?parent=7338"}],"wp:term":[{"taxonomy":"category","embeddable":true,"href":"https:\/\/paris-fonds-vert.demeter-im.com\/en\/wp-json\/wp\/v2\/categories?post=7338"},{"taxonomy":"post_tag","embeddable":true,"href":"https:\/\/paris-fonds-vert.demeter-im.com\/en\/wp-json\/wp\/v2\/tags?post=7338"}],"curies":[{"name":"wp","href":"https:\/\/api.w.org\/{rel}","templated":true}]}}