{"id":7245,"date":"2021-03-24T11:22:58","date_gmt":"2021-03-24T10:22:58","guid":{"rendered":"https:\/\/demeter-im.com\/?p=7245"},"modified":"2021-03-24T11:22:58","modified_gmt":"2021-03-24T10:22:58","slug":"alban-lapierre-president-dalterea-groupe-accompagne-de-lionel-cormier-mis-a-lhonneur-lors-de-lemission-ecosysteme-animee-par-thomas-hugues-sur-bsmart-tv","status":"publish","type":"post","link":"https:\/\/paris-fonds-vert.demeter-im.com\/en\/alban-lapierre-president-dalterea-groupe-accompagne-de-lionel-cormier-mis-a-lhonneur-lors-de-lemission-ecosysteme-animee-par-thomas-hugues-sur-bsmart-tv\/","title":{"rendered":"Alban Lapierre, Pr\u00e9sident d\u2019Alterea Groupe accompagn\u00e9 de Lionel Cormier mis \u00e0 l\u2019honneur lors de l\u2019\u00e9mission Ecosyst\u00e8me anim\u00e9e par Thomas Hugues sur BSmart TV"},"content":{"rendered":"<p>L\u2019occasion pour Alban Lapierre de rappeler les enjeux de la r\u00e9novation \u00e9nerg\u00e9tique et environnementale des b\u00e2timents, des quartiers et des villes et d\u2019\u00e9voquer les expertises tr\u00e8s fortes de son groupe dans ces domaines et pour Lionel Cormier de pr\u00e9ciser le r\u00f4le Paris Fonds Vert en qualit\u00e9 d\u2019actionnaire minoritaire du groupe et de rappeler les n\u00e9cessit\u00e9s de la finance verte aujourd\u2019hui.<\/p>\n<p><iframe loading=\"lazy\" title=\"\u00c9COSYST\u00c8ME - L&#039;interview de Alban Lapierre (Alterea groupe) et Lionel Cormier (Demeter) par Thomas Hugues\" frameborder=\"0\" width=\"840\" height=\"472\" src=\"https:\/\/www.dailymotion.com\/embed\/video\/x801gat?pubtool=oembed\" allowfullscreen allow=\"autoplay\"><\/iframe><\/p>\n","protected":false},"excerpt":{"rendered":"<p>L\u2019occasion pour Alban Lapierre de rappeler les enjeux de la r\u00e9novation \u00e9nerg\u00e9tique et environnementale des b\u00e2timents, des quartiers et des &hellip; <a href=\"https:\/\/paris-fonds-vert.demeter-im.com\/en\/alban-lapierre-president-dalterea-groupe-accompagne-de-lionel-cormier-mis-a-lhonneur-lors-de-lemission-ecosysteme-animee-par-thomas-hugues-sur-bsmart-tv\/\" class=\"more-link\">Continue reading<span class=\"screen-reader-text\"> &#8220;Alban Lapierre, Pr\u00e9sident d\u2019Alterea Groupe accompagn\u00e9 de Lionel Cormier mis \u00e0 l\u2019honneur lors de l\u2019\u00e9mission Ecosyst\u00e8me anim\u00e9e par Thomas Hugues sur BSmart TV&#8221;<\/span><\/a><\/p>\n","protected":false},"author":3,"featured_media":7246,"comment_status":"closed","ping_status":"closed","sticky":false,"template":"","format":"standard","meta":{"footnotes":""},"categories":[20,18],"tags":[133,110,135,32,134,132,87],"class_list":["post-7245","post","type-post","status-publish","format-standard","has-post-thumbnail","hentry","category-actualites-francais","category-paris-fonds-vert","tag-alban-lapierre","tag-alterea","tag-bsmart-tv","tag-demeter","tag-emission","tag-lionel-cormier","tag-paris-fonds-vert"],"_links":{"self":[{"href":"https:\/\/paris-fonds-vert.demeter-im.com\/en\/wp-json\/wp\/v2\/posts\/7245","targetHints":{"allow":["GET"]}}],"collection":[{"href":"https:\/\/paris-fonds-vert.demeter-im.com\/en\/wp-json\/wp\/v2\/posts"}],"about":[{"href":"https:\/\/paris-fonds-vert.demeter-im.com\/en\/wp-json\/wp\/v2\/types\/post"}],"author":[{"embeddable":true,"href":"https:\/\/paris-fonds-vert.demeter-im.com\/en\/wp-json\/wp\/v2\/users\/3"}],"replies":[{"embeddable":true,"href":"https:\/\/paris-fonds-vert.demeter-im.com\/en\/wp-json\/wp\/v2\/comments?post=7245"}],"version-history":[{"count":0,"href":"https:\/\/paris-fonds-vert.demeter-im.com\/en\/wp-json\/wp\/v2\/posts\/7245\/revisions"}],"wp:featuredmedia":[{"embeddable":true,"href":"https:\/\/paris-fonds-vert.demeter-im.com\/en\/wp-json\/wp\/v2\/media\/7246"}],"wp:attachment":[{"href":"https:\/\/paris-fonds-vert.demeter-im.com\/en\/wp-json\/wp\/v2\/media?parent=7245"}],"wp:term":[{"taxonomy":"category","embeddable":true,"href":"https:\/\/paris-fonds-vert.demeter-im.com\/en\/wp-json\/wp\/v2\/categories?post=7245"},{"taxonomy":"post_tag","embeddable":true,"href":"https:\/\/paris-fonds-vert.demeter-im.com\/en\/wp-json\/wp\/v2\/tags?post=7245"}],"curies":[{"name":"wp","href":"https:\/\/api.w.org\/{rel}","templated":true}]}}