{"id":7178,"date":"2021-03-02T10:24:20","date_gmt":"2021-03-02T09:24:20","guid":{"rendered":"https:\/\/demeter-im.com\/?p=7178"},"modified":"2021-03-02T10:24:20","modified_gmt":"2021-03-02T09:24:20","slug":"demeter-recoit-le-prix-best-sustainable-equity-investor-lors-des-global-banking-and-finance-awards-2021-organises-par-the-european","status":"publish","type":"post","link":"https:\/\/paris-fonds-vert.demeter-im.com\/en\/demeter-recoit-le-prix-best-sustainable-equity-investor-lors-des-global-banking-and-finance-awards-2021-organises-par-the-european\/","title":{"rendered":"Demeter re\u00e7oit le prix \u00ab Best Sustainable Equity investor \u00bb lors des Global Banking and Finance Awards 2021 organis\u00e9s par The European"},"content":{"rendered":"<p>Dans le cadre des Global Banking and Finance Awards 2021, Demeter a re\u00e7u le prix \u201cBest Sustainable Equity investor 2021\u201d d\u00e9cern\u00e9 par The European. Le jury regroupait des anciens dirigeants d\u2019entreprises du Fortune 500, des experts mondiaux, et des leaders de l\u2019industrie.<\/p>\n<p>Cette distinction r\u00e9compense le r\u00f4le de leader de Demeter dans l\u2019int\u00e9gration de la durabilit\u00e9 dans sa strat\u00e9gie d\u2019investissement, dans la mise en place de mesure d\u2019impact innovante, et dans l\u2019int\u00e9gration approfondie des Objectifs de D\u00e9veloppement Durable de l\u2019Organisation des Nations Unies dans sa strat\u00e9gie Impact et ESG.<\/p>\n","protected":false},"excerpt":{"rendered":"<p>Dans le cadre des Global Banking and Finance Awards 2021, Demeter a re\u00e7u le prix \u201cBest Sustainable Equity investor 2021\u201d &hellip; <a href=\"https:\/\/paris-fonds-vert.demeter-im.com\/en\/demeter-recoit-le-prix-best-sustainable-equity-investor-lors-des-global-banking-and-finance-awards-2021-organises-par-the-european\/\" class=\"more-link\">Continue reading<span class=\"screen-reader-text\"> &#8220;Demeter re\u00e7oit le prix \u00ab Best Sustainable Equity investor \u00bb lors des Global Banking and Finance Awards 2021 organis\u00e9s par The European&#8221;<\/span><\/a><\/p>\n","protected":false},"author":3,"featured_media":7183,"comment_status":"closed","ping_status":"closed","sticky":false,"template":"","format":"standard","meta":{"footnotes":""},"categories":[20,18],"tags":[32,127,57,125,126,124,39,128],"class_list":["post-7178","post","type-post","status-publish","format-standard","has-post-thumbnail","hentry","category-actualites-francais","category-paris-fonds-vert","tag-demeter","tag-developpement-durable","tag-esg","tag-finance-awards","tag-finance-awards-2021","tag-global-banking","tag-prix","tag-sustainable-equity-investor"],"_links":{"self":[{"href":"https:\/\/paris-fonds-vert.demeter-im.com\/en\/wp-json\/wp\/v2\/posts\/7178","targetHints":{"allow":["GET"]}}],"collection":[{"href":"https:\/\/paris-fonds-vert.demeter-im.com\/en\/wp-json\/wp\/v2\/posts"}],"about":[{"href":"https:\/\/paris-fonds-vert.demeter-im.com\/en\/wp-json\/wp\/v2\/types\/post"}],"author":[{"embeddable":true,"href":"https:\/\/paris-fonds-vert.demeter-im.com\/en\/wp-json\/wp\/v2\/users\/3"}],"replies":[{"embeddable":true,"href":"https:\/\/paris-fonds-vert.demeter-im.com\/en\/wp-json\/wp\/v2\/comments?post=7178"}],"version-history":[{"count":0,"href":"https:\/\/paris-fonds-vert.demeter-im.com\/en\/wp-json\/wp\/v2\/posts\/7178\/revisions"}],"wp:featuredmedia":[{"embeddable":true,"href":"https:\/\/paris-fonds-vert.demeter-im.com\/en\/wp-json\/wp\/v2\/media\/7183"}],"wp:attachment":[{"href":"https:\/\/paris-fonds-vert.demeter-im.com\/en\/wp-json\/wp\/v2\/media?parent=7178"}],"wp:term":[{"taxonomy":"category","embeddable":true,"href":"https:\/\/paris-fonds-vert.demeter-im.com\/en\/wp-json\/wp\/v2\/categories?post=7178"},{"taxonomy":"post_tag","embeddable":true,"href":"https:\/\/paris-fonds-vert.demeter-im.com\/en\/wp-json\/wp\/v2\/tags?post=7178"}],"curies":[{"name":"wp","href":"https:\/\/api.w.org\/{rel}","templated":true}]}}