{"id":7127,"date":"2021-01-27T16:46:44","date_gmt":"2021-01-27T15:46:44","guid":{"rendered":"https:\/\/demeter-im.com\/?p=7127"},"modified":"2021-01-27T16:46:44","modified_gmt":"2021-01-27T15:46:44","slug":"cuculus-leve-75-me-aupres-de-paris-fonds-vert-et-dinvestisseurs-historiques","status":"publish","type":"post","link":"https:\/\/paris-fonds-vert.demeter-im.com\/en\/cuculus-leve-75-me-aupres-de-paris-fonds-vert-et-dinvestisseurs-historiques\/","title":{"rendered":"Cuculus l\u00e8ve 7,5 M\u20ac aupr\u00e8s de Paris Fonds Vert et d\u2019investisseurs historiques"},"content":{"rendered":"<p>CUCULUS GmbH, leader dans le d\u00e9veloppement de solutions logicielles pour les infrastructures critiques d\u00e9di\u00e9es aux utilities et aux villes, annonce qu&#8217;elle a lev\u00e9 7,5 M\u20ac aupr\u00e8s de Paris Fonds Vert et d&#8217;investisseurs historiques. Paris Fonds Vert est un fonds de capital d\u00e9veloppement pour la transition \u00e9cologique des grandes villes, g\u00e9r\u00e9 par Demeter et soutenu par la Ville de Paris. Cet investissement permettra \u00e0 Cuculus d&#8217;acc\u00e9l\u00e9rer sa croissance internationale et d&#8217;\u00e9largir son portefeuille de solutions.<\/p>\n<p><a href=\"https:\/\/paris-fonds-vert.demeter-im.com\/wp-content\/uploads\/2021-01-27-Communique-de-presse-Cuculus-Demeter-1.pdf\" target=\"_blank\" rel=\"noopener\">Cliquez ici pour acc\u00e9der au communiqu\u00e9 de presse.<\/a><\/p>\n","protected":false},"excerpt":{"rendered":"<p>CUCULUS GmbH, leader dans le d\u00e9veloppement de solutions logicielles pour les infrastructures critiques d\u00e9di\u00e9es aux utilities et aux villes, annonce &hellip; <a href=\"https:\/\/paris-fonds-vert.demeter-im.com\/en\/cuculus-leve-75-me-aupres-de-paris-fonds-vert-et-dinvestisseurs-historiques\/\" class=\"more-link\">Continue reading<span class=\"screen-reader-text\"> &#8220;Cuculus l\u00e8ve 7,5 M\u20ac aupr\u00e8s de Paris Fonds Vert et d\u2019investisseurs historiques&#8221;<\/span><\/a><\/p>\n","protected":false},"author":3,"featured_media":7129,"comment_status":"closed","ping_status":"closed","sticky":false,"template":"","format":"standard","meta":{"footnotes":""},"categories":[20,18],"tags":[51,54,32,56,33,55,34,52,53,50],"class_list":["post-7127","post","type-post","status-publish","format-standard","has-post-thumbnail","hentry","category-actualites-francais","category-paris-fonds-vert","tag-communique","tag-cuculus","tag-demeter","tag-infrastructure-fr","tag-parisfondsvert","tag-parisgreenfund-fr","tag-pfv","tag-pressrelease-fr","tag-solutions","tag-transition-ecologique"],"_links":{"self":[{"href":"https:\/\/paris-fonds-vert.demeter-im.com\/en\/wp-json\/wp\/v2\/posts\/7127","targetHints":{"allow":["GET"]}}],"collection":[{"href":"https:\/\/paris-fonds-vert.demeter-im.com\/en\/wp-json\/wp\/v2\/posts"}],"about":[{"href":"https:\/\/paris-fonds-vert.demeter-im.com\/en\/wp-json\/wp\/v2\/types\/post"}],"author":[{"embeddable":true,"href":"https:\/\/paris-fonds-vert.demeter-im.com\/en\/wp-json\/wp\/v2\/users\/3"}],"replies":[{"embeddable":true,"href":"https:\/\/paris-fonds-vert.demeter-im.com\/en\/wp-json\/wp\/v2\/comments?post=7127"}],"version-history":[{"count":0,"href":"https:\/\/paris-fonds-vert.demeter-im.com\/en\/wp-json\/wp\/v2\/posts\/7127\/revisions"}],"wp:featuredmedia":[{"embeddable":true,"href":"https:\/\/paris-fonds-vert.demeter-im.com\/en\/wp-json\/wp\/v2\/media\/7129"}],"wp:attachment":[{"href":"https:\/\/paris-fonds-vert.demeter-im.com\/en\/wp-json\/wp\/v2\/media?parent=7127"}],"wp:term":[{"taxonomy":"category","embeddable":true,"href":"https:\/\/paris-fonds-vert.demeter-im.com\/en\/wp-json\/wp\/v2\/categories?post=7127"},{"taxonomy":"post_tag","embeddable":true,"href":"https:\/\/paris-fonds-vert.demeter-im.com\/en\/wp-json\/wp\/v2\/tags?post=7127"}],"curies":[{"name":"wp","href":"https:\/\/api.w.org\/{rel}","templated":true}]}}