{"id":7100,"date":"2021-01-28T15:13:22","date_gmt":"2021-01-28T14:13:22","guid":{"rendered":"https:\/\/demeter-im.com\/?p=7100"},"modified":"2021-01-28T15:13:22","modified_gmt":"2021-01-28T14:13:22","slug":"batir-un-ecosysteme-greentech-pour-accelerer-la-transition-ecologique","status":"publish","type":"post","link":"https:\/\/paris-fonds-vert.demeter-im.com\/en\/batir-un-ecosysteme-greentech-pour-accelerer-la-transition-ecologique\/","title":{"rendered":"B\u00e2tir un \u00e9cosyst\u00e8me greentech pour acc\u00e9l\u00e9rer la transition \u00e9cologique"},"content":{"rendered":"<p>Sophie Paturle-Guesnerot participait le 10 d\u00e9cembre \u00e0 la table ronde &#8220;B\u00e2tir un \u00e9cosyst\u00e8me greentech pour acc\u00e9l\u00e9rer la transition \u00e9cologique&#8221; dans le cadre des Journ\u00e9es &#8220;Le Paris Z\u00e9ro Carbone&#8221; qui se sont tenues les jeudi 10 et vendredi 11 d\u00e9cembre \u00e0 l&#8217;H\u00f4tel de Ville de Paris, \u00e0 l&#8217;occasion des 5 ans de l&#8217;Accord de Paris pour le climat.<\/p>\n<p>L&#8217;\u00e9cosyst\u00e8me greentech \u00e9tait tr\u00e8s bien repr\u00e9sent\u00e9 \u00e0 cette table ronde anim\u00e9e par Juliette Raynal, journaliste \u00e0 la Tribune.<\/p>\n<p>A c\u00f4t\u00e9 de deux dirigeants de PME innovantes, Ondine Suavet, Directrice G\u00e9n\u00e9rale et co-fondatrice de MyLight Systems, une des soci\u00e9t\u00e9s tr\u00e8s prometteuses du portefeuille Paris Fonds Vert,\u00a0Quentin Laurens de Qarnot Computing,\u00a0Sophie Paturle, pour Demeter, a repr\u00e9sent\u00e9 et mis en exergue le r\u00f4le du capital investissement priv\u00e9.<\/p>\n<p>Etaient \u00e9galement repr\u00e9sent\u00e9s \u00e0 cette table ronde Bpifrance par Paul-Fran\u00e7ois Fournier, Directeur ex\u00e9cutif, et la d\u00e9marche &#8220;Open Innovation&#8221; de grands groupes, par Claire Falzone, Directrice de l&#8217;innovation de Veolia.<\/p>\n<p><img loading=\"lazy\" decoding=\"async\" class=\"alignnone wp-image-7144\" src=\"https:\/\/paris-fonds-vert.demeter-im.com\/wp-content\/uploads\/SP-Paris-Zero-Carbonne-300x200.jpg\" alt=\"\" width=\"423\" height=\"282\" \/><\/p>\n","protected":false},"excerpt":{"rendered":"<p>Sophie Paturle-Guesnerot participait le 10 d\u00e9cembre \u00e0 la table ronde &#8220;B\u00e2tir un \u00e9cosyst\u00e8me greentech pour acc\u00e9l\u00e9rer la transition \u00e9cologique&#8221; dans &hellip; <a href=\"https:\/\/paris-fonds-vert.demeter-im.com\/en\/batir-un-ecosysteme-greentech-pour-accelerer-la-transition-ecologique\/\" class=\"more-link\">Continue reading<span class=\"screen-reader-text\"> &#8220;B\u00e2tir un \u00e9cosyst\u00e8me greentech pour acc\u00e9l\u00e9rer la transition \u00e9cologique&#8221;<\/span><\/a><\/p>\n","protected":false},"author":3,"featured_media":0,"comment_status":"closed","ping_status":"closed","sticky":false,"template":"","format":"standard","meta":{"footnotes":""},"categories":[20,18],"tags":[122,123],"class_list":["post-7100","post","type-post","status-publish","format-standard","hentry","category-actualites-francais","category-paris-fonds-vert","tag-ecosysteme-greentech","tag-paris-zero-carbone-fr"],"_links":{"self":[{"href":"https:\/\/paris-fonds-vert.demeter-im.com\/en\/wp-json\/wp\/v2\/posts\/7100","targetHints":{"allow":["GET"]}}],"collection":[{"href":"https:\/\/paris-fonds-vert.demeter-im.com\/en\/wp-json\/wp\/v2\/posts"}],"about":[{"href":"https:\/\/paris-fonds-vert.demeter-im.com\/en\/wp-json\/wp\/v2\/types\/post"}],"author":[{"embeddable":true,"href":"https:\/\/paris-fonds-vert.demeter-im.com\/en\/wp-json\/wp\/v2\/users\/3"}],"replies":[{"embeddable":true,"href":"https:\/\/paris-fonds-vert.demeter-im.com\/en\/wp-json\/wp\/v2\/comments?post=7100"}],"version-history":[{"count":0,"href":"https:\/\/paris-fonds-vert.demeter-im.com\/en\/wp-json\/wp\/v2\/posts\/7100\/revisions"}],"wp:attachment":[{"href":"https:\/\/paris-fonds-vert.demeter-im.com\/en\/wp-json\/wp\/v2\/media?parent=7100"}],"wp:term":[{"taxonomy":"category","embeddable":true,"href":"https:\/\/paris-fonds-vert.demeter-im.com\/en\/wp-json\/wp\/v2\/categories?post=7100"},{"taxonomy":"post_tag","embeddable":true,"href":"https:\/\/paris-fonds-vert.demeter-im.com\/en\/wp-json\/wp\/v2\/tags?post=7100"}],"curies":[{"name":"wp","href":"https:\/\/api.w.org\/{rel}","templated":true}]}}