{"id":6917,"date":"2020-11-27T14:33:22","date_gmt":"2020-11-27T13:33:22","guid":{"rendered":"https:\/\/demeter-im.com\/?p=6917"},"modified":"2020-11-27T14:33:22","modified_gmt":"2020-11-27T13:33:22","slug":"pour-la-2eme-annee-consecutive-demeter-recoit-le-prix-de-la-meilleure-societe-de-gestion-en-termes-de-pratiques-esg-dans-la-categorie-small-cap","status":"publish","type":"post","link":"https:\/\/paris-fonds-vert.demeter-im.com\/en\/pour-la-2eme-annee-consecutive-demeter-recoit-le-prix-de-la-meilleure-societe-de-gestion-en-termes-de-pratiques-esg-dans-la-categorie-small-cap\/","title":{"rendered":"Pour la 2\u00e8me ann\u00e9e cons\u00e9cutive, Demeter re\u00e7oit le prix de la meilleure soci\u00e9t\u00e9 de gestion en termes de pratiques ESG dans la cat\u00e9gorie Small cap"},"content":{"rendered":"<p>Lors de la c\u00e9r\u00e9monie virtuelle des ESG Best Practices Honours by Swen Capital Partners, Demeter a re\u00e7u le prix de la meilleure soci\u00e9t\u00e9 de gestion en termes de pratiques ESG dans la cat\u00e9gorie Small cap.<\/p>\n<p>&nbsp;<\/p>\n<p>C\u2019est la 2<sup>\u00e8me<\/sup> ann\u00e9e cons\u00e9cutive que ce prix prestigieux est attribu\u00e9 \u00e0 Demeter. Il vient r\u00e9compenser la coh\u00e9rence de notre strat\u00e9gie d\u2019investissement avec les Objectifs D\u00e9veloppement Durable et les valeurs ESG (environnementales, sociales et de gouvernance), ainsi que nos solutions pour rendre compte de la performance extra-financi\u00e8re de nos investissements, source de performance financi\u00e8re pour nos fonds. La m\u00e9thodologie de mesure d\u2019impact environnemental et territorial d\u00e9velopp\u00e9e avec Carbone 4 et mise en \u0153uvre avec succ\u00e8s depuis 2 ans sur notre fonds de capital d\u00e9veloppement Paris Fonds Vert, inspire les propositions innovantes que nous faisons aux investisseurs de nos nouveaux fonds de capital risque et d\u2019infrastructure en cours de lev\u00e9e.<\/p>\n<p>&nbsp;<\/p>\n<p>Merci \u00e0 tous les membres du jury et \u00e0 Swen pour la promotion de l&#8217;investissement durable et des ESG<\/p>\n<p>&nbsp;<\/p>\n<p>Pour plus d&#8217;informations, n&#8217;h\u00e9sitez pas \u00e0 vous reporter au <a href=\"https:\/\/mcusercontent.com\/6529b7857c49be555de17ae2b\/files\/df206648-1d9b-47c0-8c3d-5b6a22e5f643\/CP_FR_ESG_Best_Practices_Honours_by_Swen.pdf\"><u>communiqu\u00e9 de presse<\/u><\/a><\/p>\n","protected":false},"excerpt":{"rendered":"<p>Lors de la c\u00e9r\u00e9monie virtuelle des ESG Best Practices Honours by Swen Capital Partners, Demeter a re\u00e7u le prix de &hellip; <a href=\"https:\/\/paris-fonds-vert.demeter-im.com\/en\/pour-la-2eme-annee-consecutive-demeter-recoit-le-prix-de-la-meilleure-societe-de-gestion-en-termes-de-pratiques-esg-dans-la-categorie-small-cap\/\" class=\"more-link\">Continue reading<span class=\"screen-reader-text\"> &#8220;Pour la 2\u00e8me ann\u00e9e cons\u00e9cutive, Demeter re\u00e7oit le prix de la meilleure soci\u00e9t\u00e9 de gestion en termes de pratiques ESG dans la cat\u00e9gorie Small cap&#8221;<\/span><\/a><\/p>\n","protected":false},"author":3,"featured_media":6918,"comment_status":"closed","ping_status":"closed","sticky":false,"template":"","format":"standard","meta":{"footnotes":""},"categories":[20,18],"tags":[],"class_list":["post-6917","post","type-post","status-publish","format-standard","has-post-thumbnail","hentry","category-actualites-francais","category-paris-fonds-vert"],"_links":{"self":[{"href":"https:\/\/paris-fonds-vert.demeter-im.com\/en\/wp-json\/wp\/v2\/posts\/6917","targetHints":{"allow":["GET"]}}],"collection":[{"href":"https:\/\/paris-fonds-vert.demeter-im.com\/en\/wp-json\/wp\/v2\/posts"}],"about":[{"href":"https:\/\/paris-fonds-vert.demeter-im.com\/en\/wp-json\/wp\/v2\/types\/post"}],"author":[{"embeddable":true,"href":"https:\/\/paris-fonds-vert.demeter-im.com\/en\/wp-json\/wp\/v2\/users\/3"}],"replies":[{"embeddable":true,"href":"https:\/\/paris-fonds-vert.demeter-im.com\/en\/wp-json\/wp\/v2\/comments?post=6917"}],"version-history":[{"count":0,"href":"https:\/\/paris-fonds-vert.demeter-im.com\/en\/wp-json\/wp\/v2\/posts\/6917\/revisions"}],"wp:featuredmedia":[{"embeddable":true,"href":"https:\/\/paris-fonds-vert.demeter-im.com\/en\/wp-json\/wp\/v2\/media\/6918"}],"wp:attachment":[{"href":"https:\/\/paris-fonds-vert.demeter-im.com\/en\/wp-json\/wp\/v2\/media?parent=6917"}],"wp:term":[{"taxonomy":"category","embeddable":true,"href":"https:\/\/paris-fonds-vert.demeter-im.com\/en\/wp-json\/wp\/v2\/categories?post=6917"},{"taxonomy":"post_tag","embeddable":true,"href":"https:\/\/paris-fonds-vert.demeter-im.com\/en\/wp-json\/wp\/v2\/tags?post=6917"}],"curies":[{"name":"wp","href":"https:\/\/api.w.org\/{rel}","templated":true}]}}