{"id":6910,"date":"2020-11-19T14:22:57","date_gmt":"2020-11-19T13:22:57","guid":{"rendered":"https:\/\/demeter-im.com\/?p=6910"},"modified":"2020-11-19T14:22:57","modified_gmt":"2020-11-19T13:22:57","slug":"stephanie-chretien-intervient-a-la-conference-due-diligence-esg-integration-du-developpement-durable-dans-le-processus-dinvestissement","status":"publish","type":"post","link":"https:\/\/paris-fonds-vert.demeter-im.com\/en\/stephanie-chretien-intervient-a-la-conference-due-diligence-esg-integration-du-developpement-durable-dans-le-processus-dinvestissement\/","title":{"rendered":"St\u00e9phanie Chr\u00e9tien intervient \u00e0 la conf\u00e9rence \u00ab Due diligence ESG, int\u00e9gration du d\u00e9veloppement durable dans le processus d&#8217;investissement \u00bb"},"content":{"rendered":"<p>La table ronde virtuelle \u00ab\u00a0Due diligence ESG, int\u00e9gration du d\u00e9veloppement durable dans le processus d&#8217;investissement\u00a0\u00bb se concentre sur les diff\u00e9rentes approches pratiques de la due diligence raisonnable en mati\u00e8re d&#8217;ESG et donne un aper\u00e7u de la mani\u00e8re dont les soci\u00e9t\u00e9s de PE, les investisseurs strat\u00e9giques et les agences de notation peuvent int\u00e9grer le facteur de d\u00e9veloppement durable dans le processus d&#8217;investissement.<\/p>\n<p>Notre Partner et Directrice ESG &amp; Impact St\u00e9phanie Chr\u00e9tien a particip\u00e9 \u00e0 ce panel, avec des experts cl\u00e9s Mervyn Tang de Fitch Ratings \u00e0 Hong-Kong, Carlo Luison de BDO en Italie et Karsten Paetzmann en Allemagne. Elle a soulign\u00e9 que les analyses environnementales, sociales et de gouvernance sont essentielles pour identifier les risques, mais surtout pour s&#8217;orienter vers le d\u00e9veloppement durable et l&#8217;ESG en tant que cr\u00e9ateurs de valeur et de performance.<\/p>\n","protected":false},"excerpt":{"rendered":"<p>La table ronde virtuelle \u00ab\u00a0Due diligence ESG, int\u00e9gration du d\u00e9veloppement durable dans le processus d&#8217;investissement\u00a0\u00bb se concentre sur les diff\u00e9rentes &hellip; <a href=\"https:\/\/paris-fonds-vert.demeter-im.com\/en\/stephanie-chretien-intervient-a-la-conference-due-diligence-esg-integration-du-developpement-durable-dans-le-processus-dinvestissement\/\" class=\"more-link\">Continue reading<span class=\"screen-reader-text\"> &#8220;St\u00e9phanie Chr\u00e9tien intervient \u00e0 la conf\u00e9rence \u00ab Due diligence ESG, int\u00e9gration du d\u00e9veloppement durable dans le processus d&#8217;investissement \u00bb&#8221;<\/span><\/a><\/p>\n","protected":false},"author":3,"featured_media":6911,"comment_status":"closed","ping_status":"closed","sticky":false,"template":"","format":"standard","meta":{"footnotes":""},"categories":[20,18],"tags":[],"class_list":["post-6910","post","type-post","status-publish","format-standard","has-post-thumbnail","hentry","category-actualites-francais","category-paris-fonds-vert"],"_links":{"self":[{"href":"https:\/\/paris-fonds-vert.demeter-im.com\/en\/wp-json\/wp\/v2\/posts\/6910","targetHints":{"allow":["GET"]}}],"collection":[{"href":"https:\/\/paris-fonds-vert.demeter-im.com\/en\/wp-json\/wp\/v2\/posts"}],"about":[{"href":"https:\/\/paris-fonds-vert.demeter-im.com\/en\/wp-json\/wp\/v2\/types\/post"}],"author":[{"embeddable":true,"href":"https:\/\/paris-fonds-vert.demeter-im.com\/en\/wp-json\/wp\/v2\/users\/3"}],"replies":[{"embeddable":true,"href":"https:\/\/paris-fonds-vert.demeter-im.com\/en\/wp-json\/wp\/v2\/comments?post=6910"}],"version-history":[{"count":0,"href":"https:\/\/paris-fonds-vert.demeter-im.com\/en\/wp-json\/wp\/v2\/posts\/6910\/revisions"}],"wp:featuredmedia":[{"embeddable":true,"href":"https:\/\/paris-fonds-vert.demeter-im.com\/en\/wp-json\/wp\/v2\/media\/6911"}],"wp:attachment":[{"href":"https:\/\/paris-fonds-vert.demeter-im.com\/en\/wp-json\/wp\/v2\/media?parent=6910"}],"wp:term":[{"taxonomy":"category","embeddable":true,"href":"https:\/\/paris-fonds-vert.demeter-im.com\/en\/wp-json\/wp\/v2\/categories?post=6910"},{"taxonomy":"post_tag","embeddable":true,"href":"https:\/\/paris-fonds-vert.demeter-im.com\/en\/wp-json\/wp\/v2\/tags?post=6910"}],"curies":[{"name":"wp","href":"https:\/\/api.w.org\/{rel}","templated":true}]}}