{"id":6896,"date":"2020-11-10T16:19:21","date_gmt":"2020-11-10T15:19:21","guid":{"rendered":"https:\/\/demeter-im.com\/?p=6896"},"modified":"2020-11-10T16:19:21","modified_gmt":"2020-11-10T15:19:21","slug":"stephanie-chretien-intervient-a-la-conference-climate-risk-metrics","status":"publish","type":"post","link":"https:\/\/paris-fonds-vert.demeter-im.com\/en\/stephanie-chretien-intervient-a-la-conference-climate-risk-metrics\/","title":{"rendered":"St\u00e9phanie Chr\u00e9tien intervient \u00e0 la conf\u00e9rence Climate Risk Metrics"},"content":{"rendered":"<p>La conf\u00e9rence Climate Risk Metrics est un \u00e9v\u00e9nement digital de premier plan pour les investisseurs institutionnels, les gestionnaires de fonds et les professionnels du d\u00e9veloppement durable qui s&#8217;int\u00e9ressent \u00e0 la mani\u00e8re d&#8217;\u00e9valuer et de mesurer le risque climatique dans les portefeuilles de fonds. St\u00e9phanie Chr\u00e9tien, Partner de Paris Fonds Vert et Directrice ESG &amp; Impact chez Demeter, a eu l&#8217;occasion d&#8217;\u00eatre une des principales intervenantes et de pr\u00e9senter les &#8220;Mesures d&#8217;Impact Environnemental des Fonds&#8221; aux c\u00f4t\u00e9s d&#8217;experts du secteur issus de la communaut\u00e9 du capital-investissement, de l\u2019ESG et du d\u00e9veloppement durable.<\/p>\n","protected":false},"excerpt":{"rendered":"<p>La conf\u00e9rence Climate Risk Metrics est un \u00e9v\u00e9nement digital de premier plan pour les investisseurs institutionnels, les gestionnaires de fonds &hellip; <a href=\"https:\/\/paris-fonds-vert.demeter-im.com\/en\/stephanie-chretien-intervient-a-la-conference-climate-risk-metrics\/\" class=\"more-link\">Continue reading<span class=\"screen-reader-text\"> &#8220;St\u00e9phanie Chr\u00e9tien intervient \u00e0 la conf\u00e9rence Climate Risk Metrics&#8221;<\/span><\/a><\/p>\n","protected":false},"author":3,"featured_media":6897,"comment_status":"closed","ping_status":"closed","sticky":false,"template":"","format":"standard","meta":{"footnotes":""},"categories":[20,18],"tags":[],"class_list":["post-6896","post","type-post","status-publish","format-standard","has-post-thumbnail","hentry","category-actualites-francais","category-paris-fonds-vert"],"_links":{"self":[{"href":"https:\/\/paris-fonds-vert.demeter-im.com\/en\/wp-json\/wp\/v2\/posts\/6896","targetHints":{"allow":["GET"]}}],"collection":[{"href":"https:\/\/paris-fonds-vert.demeter-im.com\/en\/wp-json\/wp\/v2\/posts"}],"about":[{"href":"https:\/\/paris-fonds-vert.demeter-im.com\/en\/wp-json\/wp\/v2\/types\/post"}],"author":[{"embeddable":true,"href":"https:\/\/paris-fonds-vert.demeter-im.com\/en\/wp-json\/wp\/v2\/users\/3"}],"replies":[{"embeddable":true,"href":"https:\/\/paris-fonds-vert.demeter-im.com\/en\/wp-json\/wp\/v2\/comments?post=6896"}],"version-history":[{"count":0,"href":"https:\/\/paris-fonds-vert.demeter-im.com\/en\/wp-json\/wp\/v2\/posts\/6896\/revisions"}],"wp:featuredmedia":[{"embeddable":true,"href":"https:\/\/paris-fonds-vert.demeter-im.com\/en\/wp-json\/wp\/v2\/media\/6897"}],"wp:attachment":[{"href":"https:\/\/paris-fonds-vert.demeter-im.com\/en\/wp-json\/wp\/v2\/media?parent=6896"}],"wp:term":[{"taxonomy":"category","embeddable":true,"href":"https:\/\/paris-fonds-vert.demeter-im.com\/en\/wp-json\/wp\/v2\/categories?post=6896"},{"taxonomy":"post_tag","embeddable":true,"href":"https:\/\/paris-fonds-vert.demeter-im.com\/en\/wp-json\/wp\/v2\/tags?post=6896"}],"curies":[{"name":"wp","href":"https:\/\/api.w.org\/{rel}","templated":true}]}}