{"id":6890,"date":"2020-11-10T15:49:18","date_gmt":"2020-11-10T14:49:18","guid":{"rendered":"https:\/\/demeter-im.com\/?p=6890"},"modified":"2020-11-10T15:49:18","modified_gmt":"2020-11-10T14:49:18","slug":"demeter-a-organise-une-conference-sur-les-femmes-comme-facteurs-de-creation-de-valeur-et-de-performance-pour-sensibiliser-ses-employes","status":"publish","type":"post","link":"https:\/\/paris-fonds-vert.demeter-im.com\/en\/demeter-a-organise-une-conference-sur-les-femmes-comme-facteurs-de-creation-de-valeur-et-de-performance-pour-sensibiliser-ses-employes\/","title":{"rendered":"Demeter a organis\u00e9 une conf\u00e9rence sur les femmes comme facteurs de cr\u00e9ation de valeur et de performance pour sensibiliser ses employ\u00e9s"},"content":{"rendered":"<p>Demeter s&#8217;est engag\u00e9 \u00e0 int\u00e9grer l&#8217;Environnement, le Social et la Gouvernance en tant que leviers cl\u00e9s de la cr\u00e9ation de valeur. Au sein des pr\u00e9occupations sociales, la promotion de la diversit\u00e9 est un crit\u00e8re cl\u00e9 pour cr\u00e9er de la valeur.<\/p>\n<p>Dans le cadre de nos engagements, nous avons choisi de nous concentrer, dans un premier temps, sur l&#8217;am\u00e9lioration de la mixit\u00e9. Nous avons organis\u00e9 un atelier &#8220;Femmes, cr\u00e9atrices de performance et de valeur&#8221; avec toutes nos \u00e9quipes, pour promouvoir les femmes dans nos \u00e9quipes d&#8217;investissement et les investissements dans les entreprises fond\u00e9es par des femmes.<\/p>\n<p>\u00c0 cette occasion, Agn\u00e8s Bricard, pr\u00e9sidente de la F\u00e9d\u00e9ration des femmes administrateurs, et Yann Mauchamp, fondateur de Mutual Benefits, ont \u00e9t\u00e9 invit\u00e9s \u00e0 partager leur exp\u00e9rience et leurs conseils.<\/p>\n<p>L&#8217;ordre du jour \u00e9tait consacr\u00e9 \u00e0 souligner le manque de femmes en tant que directrices, investisseurs et entrepreneurs, la valeur cr\u00e9\u00e9e par les \u00e9quipes mixtes, les obstacles rencontr\u00e9s par les femmes et les initiatives pour conduire le changement.<\/p>\n","protected":false},"excerpt":{"rendered":"<p>Demeter s&#8217;est engag\u00e9 \u00e0 int\u00e9grer l&#8217;Environnement, le Social et la Gouvernance en tant que leviers cl\u00e9s de la cr\u00e9ation de &hellip; <a href=\"https:\/\/paris-fonds-vert.demeter-im.com\/en\/demeter-a-organise-une-conference-sur-les-femmes-comme-facteurs-de-creation-de-valeur-et-de-performance-pour-sensibiliser-ses-employes\/\" class=\"more-link\">Continue reading<span class=\"screen-reader-text\"> &#8220;Demeter a organis\u00e9 une conf\u00e9rence sur les femmes comme facteurs de cr\u00e9ation de valeur et de performance pour sensibiliser ses employ\u00e9s&#8221;<\/span><\/a><\/p>\n","protected":false},"author":3,"featured_media":6891,"comment_status":"closed","ping_status":"closed","sticky":false,"template":"","format":"standard","meta":{"footnotes":""},"categories":[20,18],"tags":[],"class_list":["post-6890","post","type-post","status-publish","format-standard","has-post-thumbnail","hentry","category-actualites-francais","category-paris-fonds-vert"],"_links":{"self":[{"href":"https:\/\/paris-fonds-vert.demeter-im.com\/en\/wp-json\/wp\/v2\/posts\/6890","targetHints":{"allow":["GET"]}}],"collection":[{"href":"https:\/\/paris-fonds-vert.demeter-im.com\/en\/wp-json\/wp\/v2\/posts"}],"about":[{"href":"https:\/\/paris-fonds-vert.demeter-im.com\/en\/wp-json\/wp\/v2\/types\/post"}],"author":[{"embeddable":true,"href":"https:\/\/paris-fonds-vert.demeter-im.com\/en\/wp-json\/wp\/v2\/users\/3"}],"replies":[{"embeddable":true,"href":"https:\/\/paris-fonds-vert.demeter-im.com\/en\/wp-json\/wp\/v2\/comments?post=6890"}],"version-history":[{"count":0,"href":"https:\/\/paris-fonds-vert.demeter-im.com\/en\/wp-json\/wp\/v2\/posts\/6890\/revisions"}],"wp:featuredmedia":[{"embeddable":true,"href":"https:\/\/paris-fonds-vert.demeter-im.com\/en\/wp-json\/wp\/v2\/media\/6891"}],"wp:attachment":[{"href":"https:\/\/paris-fonds-vert.demeter-im.com\/en\/wp-json\/wp\/v2\/media?parent=6890"}],"wp:term":[{"taxonomy":"category","embeddable":true,"href":"https:\/\/paris-fonds-vert.demeter-im.com\/en\/wp-json\/wp\/v2\/categories?post=6890"},{"taxonomy":"post_tag","embeddable":true,"href":"https:\/\/paris-fonds-vert.demeter-im.com\/en\/wp-json\/wp\/v2\/tags?post=6890"}],"curies":[{"name":"wp","href":"https:\/\/api.w.org\/{rel}","templated":true}]}}