{"id":6886,"date":"2020-11-10T12:40:46","date_gmt":"2020-11-10T11:40:46","guid":{"rendered":"https:\/\/demeter-im.com\/?p=6886"},"modified":"2020-11-10T12:40:46","modified_gmt":"2020-11-10T11:40:46","slug":"hesus-poursuit-sa-croissance-et-sinstalle-dans-un-4e-pays-europeen-la-suisse","status":"publish","type":"post","link":"https:\/\/paris-fonds-vert.demeter-im.com\/en\/hesus-poursuit-sa-croissance-et-sinstalle-dans-un-4e-pays-europeen-la-suisse\/","title":{"rendered":"Hesus poursuit sa croissance et s&#8217;installe dans un 4e pays europ\u00e9en: la Suisse"},"content":{"rendered":"<p>Hesus, partenaire \u00ab Greentech \u00bb des chantiers, sp\u00e9cialis\u00e9 dans l\u2019\u00e9vacuation et la valorisation des terres, des d\u00e9blais ainsi que des d\u00e9chets et dans la fourniture de terres et de mat\u00e9riaux issus de ces ressources, poursuit son expansion en Europe et s\u2019installe pour la premi\u00e8re fois en Suisse, sa 4\u00e8me implantation apr\u00e8s la France, l\u2019Angleterre et la Pologne en l\u2019espace de 3 ans.<\/p>\n<p>Pour plus d\u2019information, n\u2019h\u00e9sitez pas \u00e0 vous reporter au <a href=\"https:\/\/paris-fonds-vert.demeter-im.com\/wp-content\/uploads\/20-11-09_CP-Hesus-Suisse-VDEF.pdf\" target=\"_blank\" rel=\"noopener noreferrer\">communiqu\u00e9 de presse joint.<\/a><\/p>\n","protected":false},"excerpt":{"rendered":"<p>Hesus, partenaire \u00ab Greentech \u00bb des chantiers, sp\u00e9cialis\u00e9 dans l\u2019\u00e9vacuation et la valorisation des terres, des d\u00e9blais ainsi que des &hellip; <a href=\"https:\/\/paris-fonds-vert.demeter-im.com\/en\/hesus-poursuit-sa-croissance-et-sinstalle-dans-un-4e-pays-europeen-la-suisse\/\" class=\"more-link\">Continue reading<span class=\"screen-reader-text\"> &#8220;Hesus poursuit sa croissance et s&#8217;installe dans un 4e pays europ\u00e9en: la Suisse&#8221;<\/span><\/a><\/p>\n","protected":false},"author":3,"featured_media":6888,"comment_status":"closed","ping_status":"closed","sticky":false,"template":"","format":"standard","meta":{"footnotes":""},"categories":[20,18],"tags":[32,73,71,121],"class_list":["post-6886","post","type-post","status-publish","format-standard","has-post-thumbnail","hentry","category-actualites-francais","category-paris-fonds-vert","tag-demeter","tag-greentech","tag-hesus","tag-suisse"],"_links":{"self":[{"href":"https:\/\/paris-fonds-vert.demeter-im.com\/en\/wp-json\/wp\/v2\/posts\/6886","targetHints":{"allow":["GET"]}}],"collection":[{"href":"https:\/\/paris-fonds-vert.demeter-im.com\/en\/wp-json\/wp\/v2\/posts"}],"about":[{"href":"https:\/\/paris-fonds-vert.demeter-im.com\/en\/wp-json\/wp\/v2\/types\/post"}],"author":[{"embeddable":true,"href":"https:\/\/paris-fonds-vert.demeter-im.com\/en\/wp-json\/wp\/v2\/users\/3"}],"replies":[{"embeddable":true,"href":"https:\/\/paris-fonds-vert.demeter-im.com\/en\/wp-json\/wp\/v2\/comments?post=6886"}],"version-history":[{"count":0,"href":"https:\/\/paris-fonds-vert.demeter-im.com\/en\/wp-json\/wp\/v2\/posts\/6886\/revisions"}],"wp:featuredmedia":[{"embeddable":true,"href":"https:\/\/paris-fonds-vert.demeter-im.com\/en\/wp-json\/wp\/v2\/media\/6888"}],"wp:attachment":[{"href":"https:\/\/paris-fonds-vert.demeter-im.com\/en\/wp-json\/wp\/v2\/media?parent=6886"}],"wp:term":[{"taxonomy":"category","embeddable":true,"href":"https:\/\/paris-fonds-vert.demeter-im.com\/en\/wp-json\/wp\/v2\/categories?post=6886"},{"taxonomy":"post_tag","embeddable":true,"href":"https:\/\/paris-fonds-vert.demeter-im.com\/en\/wp-json\/wp\/v2\/tags?post=6886"}],"curies":[{"name":"wp","href":"https:\/\/api.w.org\/{rel}","templated":true}]}}