{"id":6825,"date":"2020-10-27T13:39:41","date_gmt":"2020-10-27T12:39:41","guid":{"rendered":"https:\/\/demeter-im.com\/?p=6825"},"modified":"2020-10-27T13:39:41","modified_gmt":"2020-10-27T12:39:41","slug":"demeter-a-luniversite-dete-de-la-fondation-e5t","status":"publish","type":"post","link":"https:\/\/paris-fonds-vert.demeter-im.com\/en\/demeter-a-luniversite-dete-de-la-fondation-e5t\/","title":{"rendered":"Demeter \u00e0 l\u2019Universit\u00e9 d\u2019\u00e9t\u00e9 de la Fondation e5t"},"content":{"rendered":"<p>Demeter a particip\u00e9 \u00e0 la 8<sup>\u00e8me<\/sup> \u00e9dition de l\u2019Universit\u00e9 d\u2019\u00e9t\u00e9 de la Fondation e5t \u00e0 La Rochelle les 21 et 22 octobre.<\/p>\n<p>Pendant ces deux jours plus de 85 intervenants (dirigeants de grandes entreprises, de PME, start-upers, inventeurs, aventuriers, \u00e9lus, chercheurs et citoyens) sont venus t\u00e9moigner de leur engagement au quotidien dans de multiples actions illustrant les progr\u00e8s de la transition \u00e9nerg\u00e9tique et \u00e9cologique et la marche vers une \u00e9conomie d\u00e9carbon\u00e9e.<\/p>\n<p>L\u2019\u00e9v\u00e9nement qui se tenait \u00e0 la fois en pr\u00e9sentiel et en digital a r\u00e9uni plus 1 000 participants.<\/p>\n<p>Demeter y a pr\u00e9sent\u00e9 les perspectives nouvelles ouvertes au monde agricole par les nouvelles technologies de digitalisation, de robotique et par le progr\u00e8s des biotechnologies, que le fonds Agrinnovation a pour objet de promouvoir.<\/p>\n<p>Demeter a \u00e9galement anim\u00e9 une table ronde consacr\u00e9e aux progr\u00e8s de la finance verte et \u00e0 son r\u00f4le dans la relance de l\u2019\u00e9conomie \u00e0 laquelle ont particip\u00e9 bpifrance, BNP Paribas, Eiffel Group, Lendosph\u00e8re et l\u2019\u00e9conomiste Jean-Michel Nogueroles.<\/p>\n<p><img loading=\"lazy\" decoding=\"async\" class=\"size-medium wp-image-6847 alignleft\" src=\"https:\/\/paris-fonds-vert.demeter-im.com\/wp-content\/uploads\/e5T-Eric-Vincent-300x225.jpeg\" alt=\"\" width=\"300\" height=\"225\" \/><\/p>\n<p><img loading=\"lazy\" decoding=\"async\" class=\"size-medium wp-image-6849 alignleft\" src=\"https:\/\/paris-fonds-vert.demeter-im.com\/wp-content\/uploads\/e5T-Cyrille-Cabaret-300x225.jpg\" alt=\"\" width=\"300\" height=\"225\" \/><\/p>\n","protected":false},"excerpt":{"rendered":"<p>Demeter a particip\u00e9 \u00e0 la 8\u00e8me \u00e9dition de l\u2019Universit\u00e9 d\u2019\u00e9t\u00e9 de la Fondation e5t \u00e0 La Rochelle les 21 et &hellip; <a href=\"https:\/\/paris-fonds-vert.demeter-im.com\/en\/demeter-a-luniversite-dete-de-la-fondation-e5t\/\" class=\"more-link\">Continue reading<span class=\"screen-reader-text\"> &#8220;Demeter \u00e0 l\u2019Universit\u00e9 d\u2019\u00e9t\u00e9 de la Fondation e5t&#8221;<\/span><\/a><\/p>\n","protected":false},"author":3,"featured_media":6830,"comment_status":"closed","ping_status":"closed","sticky":false,"template":"","format":"standard","meta":{"footnotes":""},"categories":[20,18],"tags":[120,50,79],"class_list":["post-6825","post","type-post","status-publish","format-standard","has-post-thumbnail","hentry","category-actualites-francais","category-paris-fonds-vert","tag-finance-verte","tag-transition-ecologique","tag-transition-energetique"],"_links":{"self":[{"href":"https:\/\/paris-fonds-vert.demeter-im.com\/en\/wp-json\/wp\/v2\/posts\/6825","targetHints":{"allow":["GET"]}}],"collection":[{"href":"https:\/\/paris-fonds-vert.demeter-im.com\/en\/wp-json\/wp\/v2\/posts"}],"about":[{"href":"https:\/\/paris-fonds-vert.demeter-im.com\/en\/wp-json\/wp\/v2\/types\/post"}],"author":[{"embeddable":true,"href":"https:\/\/paris-fonds-vert.demeter-im.com\/en\/wp-json\/wp\/v2\/users\/3"}],"replies":[{"embeddable":true,"href":"https:\/\/paris-fonds-vert.demeter-im.com\/en\/wp-json\/wp\/v2\/comments?post=6825"}],"version-history":[{"count":0,"href":"https:\/\/paris-fonds-vert.demeter-im.com\/en\/wp-json\/wp\/v2\/posts\/6825\/revisions"}],"wp:featuredmedia":[{"embeddable":true,"href":"https:\/\/paris-fonds-vert.demeter-im.com\/en\/wp-json\/wp\/v2\/media\/6830"}],"wp:attachment":[{"href":"https:\/\/paris-fonds-vert.demeter-im.com\/en\/wp-json\/wp\/v2\/media?parent=6825"}],"wp:term":[{"taxonomy":"category","embeddable":true,"href":"https:\/\/paris-fonds-vert.demeter-im.com\/en\/wp-json\/wp\/v2\/categories?post=6825"},{"taxonomy":"post_tag","embeddable":true,"href":"https:\/\/paris-fonds-vert.demeter-im.com\/en\/wp-json\/wp\/v2\/tags?post=6825"}],"curies":[{"name":"wp","href":"https:\/\/api.w.org\/{rel}","templated":true}]}}