{"id":6807,"date":"2020-10-26T16:18:11","date_gmt":"2020-10-26T15:18:11","guid":{"rendered":"https:\/\/demeter-im.com\/?p=6807"},"modified":"2020-10-26T16:18:11","modified_gmt":"2020-10-26T15:18:11","slug":"demeter-au-colloque-numerique-et-environnement-faisons-converger-les-transitions","status":"publish","type":"post","link":"https:\/\/paris-fonds-vert.demeter-im.com\/en\/demeter-au-colloque-numerique-et-environnement-faisons-converger-les-transitions\/","title":{"rendered":"Demeter au Colloque &#8220;Num\u00e9rique et Environnement, faisons converger les transitions&#8221;"},"content":{"rendered":"<p>Sophie Paturle est intervenue \u00e0 l&#8217;occasion du Colloque &#8220;Num\u00e9rique et Environnement, faisons converger les transitions&#8221; qui s&#8217;est tenu le 8 octobre \u00e0 Bercy et organis\u00e9 par Barbara Pompili, Ministre de la Transition Ecologique, Bruno Le Maire, Ministre de l&#8217;Economie, des Finances et de la Relance, et C\u00e9dric O, Secr\u00e9taire d&#8217;Etat charg\u00e9 de la Transition num\u00e9rique et des Communications \u00e9lectroniques.<\/p>\n<p>Elle s&#8217;est exprim\u00e9e \u00e0 la table ronde, anim\u00e9e par Elsa Bembaron, sur le th\u00e8me &#8220;Le num\u00e9rique, un outil pour la transition \u00e9cologique&#8221;, avec Godefroy de Bentzmann, Pr\u00e9sident de Syntec Num\u00e9rique ; Jean Moreau, Pr\u00e9sident-Directeur G\u00e9n\u00e9ral de Ph\u00e9nix ; S\u00e9bastien Picardat, Directeur G\u00e9n\u00e9ral d&#8217;Agdatahub ; Arnaud de Moissac, Pr\u00e9sident-Directeur G\u00e9n\u00e9ral de DC Brain.<\/p>\n<p><img loading=\"lazy\" decoding=\"async\" class=\"size-medium wp-image-6818 alignnone\" src=\"https:\/\/paris-fonds-vert.demeter-im.com\/wp-content\/uploads\/20201008_Sophie-300x200.jpg\" alt=\"\" width=\"300\" height=\"200\" \/><\/p>\n<figure id=\"attachment_6815\" aria-describedby=\"caption-attachment-6815\" style=\"width: 300px\" class=\"wp-caption alignnone\"><img loading=\"lazy\" decoding=\"async\" class=\"size-medium wp-image-6815\" src=\"https:\/\/demeter-im.com\/wp-content\/uploads\/20201008_Numerique-1-300x200.jpg\" alt=\"\" width=\"300\" height=\"200\" \/><figcaption id=\"caption-attachment-6815\" class=\"wp-caption-text\">Colloque Num\u00e9rique et Environnement. M.C\u00e9dric O et Mme Barbara Pompilli. Bercy. 8 Octobre 2020.<\/figcaption><\/figure>\n","protected":false},"excerpt":{"rendered":"<p>Sophie Paturle est intervenue \u00e0 l&#8217;occasion du Colloque &#8220;Num\u00e9rique et Environnement, faisons converger les transitions&#8221; qui s&#8217;est tenu le 8 &hellip; <a href=\"https:\/\/paris-fonds-vert.demeter-im.com\/en\/demeter-au-colloque-numerique-et-environnement-faisons-converger-les-transitions\/\" class=\"more-link\">Continue reading<span class=\"screen-reader-text\"> &#8220;Demeter au Colloque &#8220;Num\u00e9rique et Environnement, faisons converger les transitions&#8221;&#8221;<\/span><\/a><\/p>\n","protected":false},"author":3,"featured_media":0,"comment_status":"closed","ping_status":"closed","sticky":false,"template":"","format":"standard","meta":{"footnotes":""},"categories":[20,18],"tags":[117,118,119],"class_list":["post-6807","post","type-post","status-publish","format-standard","hentry","category-actualites-francais","category-paris-fonds-vert","tag-environnement","tag-numerique","tag-transition"],"_links":{"self":[{"href":"https:\/\/paris-fonds-vert.demeter-im.com\/en\/wp-json\/wp\/v2\/posts\/6807","targetHints":{"allow":["GET"]}}],"collection":[{"href":"https:\/\/paris-fonds-vert.demeter-im.com\/en\/wp-json\/wp\/v2\/posts"}],"about":[{"href":"https:\/\/paris-fonds-vert.demeter-im.com\/en\/wp-json\/wp\/v2\/types\/post"}],"author":[{"embeddable":true,"href":"https:\/\/paris-fonds-vert.demeter-im.com\/en\/wp-json\/wp\/v2\/users\/3"}],"replies":[{"embeddable":true,"href":"https:\/\/paris-fonds-vert.demeter-im.com\/en\/wp-json\/wp\/v2\/comments?post=6807"}],"version-history":[{"count":0,"href":"https:\/\/paris-fonds-vert.demeter-im.com\/en\/wp-json\/wp\/v2\/posts\/6807\/revisions"}],"wp:attachment":[{"href":"https:\/\/paris-fonds-vert.demeter-im.com\/en\/wp-json\/wp\/v2\/media?parent=6807"}],"wp:term":[{"taxonomy":"category","embeddable":true,"href":"https:\/\/paris-fonds-vert.demeter-im.com\/en\/wp-json\/wp\/v2\/categories?post=6807"},{"taxonomy":"post_tag","embeddable":true,"href":"https:\/\/paris-fonds-vert.demeter-im.com\/en\/wp-json\/wp\/v2\/tags?post=6807"}],"curies":[{"name":"wp","href":"https:\/\/api.w.org\/{rel}","templated":true}]}}