{"id":6750,"date":"2020-10-16T13:33:39","date_gmt":"2020-10-16T11:33:39","guid":{"rendered":"https:\/\/demeter-im.com\/?p=6750"},"modified":"2020-10-16T13:33:39","modified_gmt":"2020-10-16T11:33:39","slug":"alterea-groupe-reprend-becia","status":"publish","type":"post","link":"https:\/\/paris-fonds-vert.demeter-im.com\/en\/alterea-groupe-reprend-becia\/","title":{"rendered":"Alterea Groupe reprend Becia"},"content":{"rendered":"<p>Alterea, participation de Paris Fonds Vert, sp\u00e9cialiste de la r\u00e9novation \u00e9nerg\u00e9tique, \u00e9cologiques et num\u00e9rique des b\u00e2timents et des territoires a acquis la soci\u00e9t\u00e9 Becia, soci\u00e9t\u00e9 bas\u00e9e en Ile de France et sp\u00e9cialis\u00e9e dans les march\u00e9s de travaux en entreprise g\u00e9n\u00e9rale.<\/p>\n<p>Cette croissance externe va permettre \u00e0 Alterea Groupe d\u2019\u00e9toffer l\u2019activit\u00e9 d\u2019entreprise g\u00e9n\u00e9rale de sa filiale Alteresco en Ile de France tout en \u00e9tendant le d\u00e9veloppement de Becia vers la r\u00e9habilitation \u00e9nerg\u00e9tique du b\u00e2timent, domaine d\u2019expertise du groupe.<\/p>\n<p>Plus d\u2019informations dans le\u00a0<a href=\"https:\/\/paris-fonds-vert.demeter-im.com\/wp-content\/uploads\/Communique-de-presse-ALTEREA-Groupe-BECIA-06102020.pdf\" target=\"_blank\" rel=\"noopener noreferrer\">communiqu\u00e9 de presse ci-joint.<\/a><\/p>\n","protected":false},"excerpt":{"rendered":"<p>Alterea, participation de Paris Fonds Vert, sp\u00e9cialiste de la r\u00e9novation \u00e9nerg\u00e9tique, \u00e9cologiques et num\u00e9rique des b\u00e2timents et des territoires a &hellip; <a href=\"https:\/\/paris-fonds-vert.demeter-im.com\/en\/alterea-groupe-reprend-becia\/\" class=\"more-link\">Continue reading<span class=\"screen-reader-text\"> &#8220;Alterea Groupe reprend Becia&#8221;<\/span><\/a><\/p>\n","protected":false},"author":3,"featured_media":6754,"comment_status":"closed","ping_status":"closed","sticky":false,"template":"","format":"standard","meta":{"footnotes":""},"categories":[20,18],"tags":[110,114,115,116,111,113,33,112],"class_list":["post-6750","post","type-post","status-publish","format-standard","has-post-thumbnail","hentry","category-actualites-francais","category-paris-fonds-vert","tag-alterea","tag-altereagroupe","tag-alteresco","tag-batiment","tag-batiments","tag-becia","tag-parisfondsvert","tag-renovationenergetique"],"_links":{"self":[{"href":"https:\/\/paris-fonds-vert.demeter-im.com\/en\/wp-json\/wp\/v2\/posts\/6750","targetHints":{"allow":["GET"]}}],"collection":[{"href":"https:\/\/paris-fonds-vert.demeter-im.com\/en\/wp-json\/wp\/v2\/posts"}],"about":[{"href":"https:\/\/paris-fonds-vert.demeter-im.com\/en\/wp-json\/wp\/v2\/types\/post"}],"author":[{"embeddable":true,"href":"https:\/\/paris-fonds-vert.demeter-im.com\/en\/wp-json\/wp\/v2\/users\/3"}],"replies":[{"embeddable":true,"href":"https:\/\/paris-fonds-vert.demeter-im.com\/en\/wp-json\/wp\/v2\/comments?post=6750"}],"version-history":[{"count":0,"href":"https:\/\/paris-fonds-vert.demeter-im.com\/en\/wp-json\/wp\/v2\/posts\/6750\/revisions"}],"wp:featuredmedia":[{"embeddable":true,"href":"https:\/\/paris-fonds-vert.demeter-im.com\/en\/wp-json\/wp\/v2\/media\/6754"}],"wp:attachment":[{"href":"https:\/\/paris-fonds-vert.demeter-im.com\/en\/wp-json\/wp\/v2\/media?parent=6750"}],"wp:term":[{"taxonomy":"category","embeddable":true,"href":"https:\/\/paris-fonds-vert.demeter-im.com\/en\/wp-json\/wp\/v2\/categories?post=6750"},{"taxonomy":"post_tag","embeddable":true,"href":"https:\/\/paris-fonds-vert.demeter-im.com\/en\/wp-json\/wp\/v2\/tags?post=6750"}],"curies":[{"name":"wp","href":"https:\/\/api.w.org\/{rel}","templated":true}]}}