{"id":6704,"date":"2020-10-08T15:04:21","date_gmt":"2020-10-08T13:04:21","guid":{"rendered":"https:\/\/demeter-im.com\/?p=6704"},"modified":"2020-10-08T15:04:21","modified_gmt":"2020-10-08T13:04:21","slug":"demeter-au-coeur-de-deux-levees-de-fonds-record-ynsect-et-aledia","status":"publish","type":"post","link":"https:\/\/paris-fonds-vert.demeter-im.com\/en\/demeter-au-coeur-de-deux-levees-de-fonds-record-ynsect-et-aledia\/","title":{"rendered":"Demeter au coeur de deux lev\u00e9es de fonds record: Ynsect et Aledia"},"content":{"rendered":"<p>Demeter au c\u0153ur de deux lev\u00e9es de fonds record : <a href=\"https:\/\/paris-fonds-vert.demeter-im.com\/wp-content\/uploads\/Communique-de-Presse_Ynsect.pdf\">Ynsect<\/a> (316 millions \u20ac lev\u00e9s), le pionnier fran\u00e7ais des prot\u00e9ines d&#8217;insectes, et <a href=\"https:\/\/paris-fonds-vert.demeter-im.com\/wp-content\/uploads\/Aledia_CP_FR.pdf\">Aledia<\/a> (80 millions \u20ac sur un tour global de 120 millions \u20ac), qui d\u00e9veloppe la prochaine g\u00e9n\u00e9ration de LED pour \u00e9cran.<\/p>\n<p>Demeter a contribu\u00e9 \u00e0 la cr\u00e9ation\u00a0de ces deux soci\u00e9t\u00e9s devenues des championnes de la transition \u00e9cologique en investissant d\u00e8s leurs premiers tours de table.<\/p>\n<p>La soci\u00e9t\u00e9 de gestion continue \u00e0 accompagner leur d\u00e9veloppement.<\/p>\n","protected":false},"excerpt":{"rendered":"<p>Demeter au c\u0153ur de deux lev\u00e9es de fonds record : Ynsect (316 millions \u20ac lev\u00e9s), le pionnier fran\u00e7ais des prot\u00e9ines &hellip; <a href=\"https:\/\/paris-fonds-vert.demeter-im.com\/en\/demeter-au-coeur-de-deux-levees-de-fonds-record-ynsect-et-aledia\/\" class=\"more-link\">Continue reading<span class=\"screen-reader-text\"> &#8220;Demeter au coeur de deux lev\u00e9es de fonds record: Ynsect et Aledia&#8221;<\/span><\/a><\/p>\n","protected":false},"author":3,"featured_media":6734,"comment_status":"closed","ping_status":"closed","sticky":false,"template":"","format":"standard","meta":{"footnotes":""},"categories":[20,18],"tags":[109,108],"class_list":["post-6704","post","type-post","status-publish","format-standard","has-post-thumbnail","hentry","category-actualites-francais","category-paris-fonds-vert","tag-micro-led","tag-proteines-dinsectes"],"_links":{"self":[{"href":"https:\/\/paris-fonds-vert.demeter-im.com\/en\/wp-json\/wp\/v2\/posts\/6704","targetHints":{"allow":["GET"]}}],"collection":[{"href":"https:\/\/paris-fonds-vert.demeter-im.com\/en\/wp-json\/wp\/v2\/posts"}],"about":[{"href":"https:\/\/paris-fonds-vert.demeter-im.com\/en\/wp-json\/wp\/v2\/types\/post"}],"author":[{"embeddable":true,"href":"https:\/\/paris-fonds-vert.demeter-im.com\/en\/wp-json\/wp\/v2\/users\/3"}],"replies":[{"embeddable":true,"href":"https:\/\/paris-fonds-vert.demeter-im.com\/en\/wp-json\/wp\/v2\/comments?post=6704"}],"version-history":[{"count":0,"href":"https:\/\/paris-fonds-vert.demeter-im.com\/en\/wp-json\/wp\/v2\/posts\/6704\/revisions"}],"wp:featuredmedia":[{"embeddable":true,"href":"https:\/\/paris-fonds-vert.demeter-im.com\/en\/wp-json\/wp\/v2\/media\/6734"}],"wp:attachment":[{"href":"https:\/\/paris-fonds-vert.demeter-im.com\/en\/wp-json\/wp\/v2\/media?parent=6704"}],"wp:term":[{"taxonomy":"category","embeddable":true,"href":"https:\/\/paris-fonds-vert.demeter-im.com\/en\/wp-json\/wp\/v2\/categories?post=6704"},{"taxonomy":"post_tag","embeddable":true,"href":"https:\/\/paris-fonds-vert.demeter-im.com\/en\/wp-json\/wp\/v2\/tags?post=6704"}],"curies":[{"name":"wp","href":"https:\/\/api.w.org\/{rel}","templated":true}]}}