{"id":6639,"date":"2020-09-16T11:18:39","date_gmt":"2020-09-16T09:18:39","guid":{"rendered":"https:\/\/demeter-im.com\/?p=6639"},"modified":"2020-09-16T11:18:39","modified_gmt":"2020-09-16T09:18:39","slug":"demeter-a-ete-choisie-pour-figurer-dans-une-etude-de-cas-de-stafford-capital-partners-mettant-en-avant-notre-strategie-et-nos-engagements-esg","status":"publish","type":"post","link":"https:\/\/paris-fonds-vert.demeter-im.com\/en\/demeter-a-ete-choisie-pour-figurer-dans-une-etude-de-cas-de-stafford-capital-partners-mettant-en-avant-notre-strategie-et-nos-engagements-esg\/","title":{"rendered":"Demeter a \u00e9t\u00e9 choisie pour figurer dans une \u00e9tude de cas de Stafford Capital Partners mettant en avant notre strat\u00e9gie et nos engagements ESG"},"content":{"rendered":"<p>Demeter a \u00e9t\u00e9 choisie par la soci\u00e9t\u00e9 d\u2019investissement Stafford Capital Partners pour figurer dans leur rapport \u00ab European Private Equity ESG Engagement Report 2020 \u00bb comme \u00e9tude de cas d&#8217;engagement ESG. Cela t\u00e9moigne de la confiance et du soutien qu\u2019ils apportent \u00e0 notre engagement sur le long terme de soutenir la croissance durable et l&#8217;int\u00e9gration de l&#8217;Environnement, du Social et de la Gouvernance comme leviers de cr\u00e9ation de valeur.<\/p>\n<p>L&#8217;\u00e9tude de cas sur l&#8217;engagement ESG de Demeter a \u00e9galement \u00e9t\u00e9 publi\u00e9e sur le site web du fonds de pension de l&#8217;agence britannique pour l&#8217;environnement : <a href=\"https:\/\/www.eapf.org.uk\/investments\/case-studies\/sustainability\">https:\/\/www.eapf.org.uk\/investments\/case-studies\/sustainability<\/a> (partie \u00ab\u00a0ESG integration\u00a0in Private Equity \u00bb)<\/p>\n","protected":false},"excerpt":{"rendered":"<p>Demeter a \u00e9t\u00e9 choisie par la soci\u00e9t\u00e9 d\u2019investissement Stafford Capital Partners pour figurer dans leur rapport \u00ab European Private Equity &hellip; <a href=\"https:\/\/paris-fonds-vert.demeter-im.com\/en\/demeter-a-ete-choisie-pour-figurer-dans-une-etude-de-cas-de-stafford-capital-partners-mettant-en-avant-notre-strategie-et-nos-engagements-esg\/\" class=\"more-link\">Continue reading<span class=\"screen-reader-text\"> &#8220;Demeter a \u00e9t\u00e9 choisie pour figurer dans une \u00e9tude de cas de Stafford Capital Partners mettant en avant notre strat\u00e9gie et nos engagements ESG&#8221;<\/span><\/a><\/p>\n","protected":false},"author":3,"featured_media":6640,"comment_status":"closed","ping_status":"closed","sticky":false,"template":"","format":"standard","meta":{"footnotes":""},"categories":[20,18],"tags":[106,57,107],"class_list":["post-6639","post","type-post","status-publish","format-standard","has-post-thumbnail","hentry","category-actualites-francais","category-paris-fonds-vert","tag-case-study","tag-esg","tag-stafford-capital-partners"],"_links":{"self":[{"href":"https:\/\/paris-fonds-vert.demeter-im.com\/en\/wp-json\/wp\/v2\/posts\/6639","targetHints":{"allow":["GET"]}}],"collection":[{"href":"https:\/\/paris-fonds-vert.demeter-im.com\/en\/wp-json\/wp\/v2\/posts"}],"about":[{"href":"https:\/\/paris-fonds-vert.demeter-im.com\/en\/wp-json\/wp\/v2\/types\/post"}],"author":[{"embeddable":true,"href":"https:\/\/paris-fonds-vert.demeter-im.com\/en\/wp-json\/wp\/v2\/users\/3"}],"replies":[{"embeddable":true,"href":"https:\/\/paris-fonds-vert.demeter-im.com\/en\/wp-json\/wp\/v2\/comments?post=6639"}],"version-history":[{"count":0,"href":"https:\/\/paris-fonds-vert.demeter-im.com\/en\/wp-json\/wp\/v2\/posts\/6639\/revisions"}],"wp:featuredmedia":[{"embeddable":true,"href":"https:\/\/paris-fonds-vert.demeter-im.com\/en\/wp-json\/wp\/v2\/media\/6640"}],"wp:attachment":[{"href":"https:\/\/paris-fonds-vert.demeter-im.com\/en\/wp-json\/wp\/v2\/media?parent=6639"}],"wp:term":[{"taxonomy":"category","embeddable":true,"href":"https:\/\/paris-fonds-vert.demeter-im.com\/en\/wp-json\/wp\/v2\/categories?post=6639"},{"taxonomy":"post_tag","embeddable":true,"href":"https:\/\/paris-fonds-vert.demeter-im.com\/en\/wp-json\/wp\/v2\/tags?post=6639"}],"curies":[{"name":"wp","href":"https:\/\/api.w.org\/{rel}","templated":true}]}}