{"id":6616,"date":"2020-08-27T17:19:50","date_gmt":"2020-08-27T15:19:50","guid":{"rendered":"https:\/\/demeter-im.com\/?p=6616"},"modified":"2020-08-27T17:19:50","modified_gmt":"2020-08-27T15:19:50","slug":"aledia-recoit-la-visite-du-president-de-la-region-auvergne-rhone-alpes-laurent-wauquiez","status":"publish","type":"post","link":"https:\/\/paris-fonds-vert.demeter-im.com\/en\/aledia-recoit-la-visite-du-president-de-la-region-auvergne-rhone-alpes-laurent-wauquiez\/","title":{"rendered":"Aledia re\u00e7oit la visite du Pr\u00e9sident de la r\u00e9gion Auvergne-Rh\u00f4ne-Alpes Laurent Wauquiez"},"content":{"rendered":"<p>Le Pr\u00e9sident de la r\u00e9gion Auvergne-Rh\u00f4ne-Alpes, Laurent Wauquiez, accompagn\u00e9 du Maire d\u2019Echirolles Renzo Sulli et du Pr\u00e9sident de Grenoble Alpes M\u00e9tropole Christophe Ferrari, a visit\u00e9 les bureaux d\u2019Aledia, entreprise de 120 salari\u00e9s bas\u00e9e \u00e0 Echirolles d\u00e9veloppant une technologie de pointe dans la conception de composants LED moins \u00e9nergivores et plus lumineux. Dirig\u00e9e et cofond\u00e9e par Giorgio Anania, la soci\u00e9t\u00e9 ambitionne de devenir un leader mondial et projette de recruter plusieurs centaines de salari\u00e9s dans les prochaines ann\u00e9es.<\/p>\n<p>Demeter, acteur majeur europ\u00e9en du capital investissement pour la transition \u00e9nerg\u00e9tique et \u00e9cologique, est convaincu du grand potentiel de la technologie et du management d\u2019Aledia, start-up qu\u2019elle accompagne comme actionnaire financier depuis sa cr\u00e9ation en 2012. Nous sommes heureux et fiers du chemin parcouru en 8 ans.<\/p>\n<p>&nbsp;<\/p>\n<p><img loading=\"lazy\" decoding=\"async\" class=\"wp-image-6617 size-full aligncenter\" src=\"https:\/\/paris-fonds-vert.demeter-im.com\/wp-content\/uploads\/aledia.jpg\" alt=\"\" width=\"422\" height=\"316\" \/><\/p>\n","protected":false},"excerpt":{"rendered":"<p>Le Pr\u00e9sident de la r\u00e9gion Auvergne-Rh\u00f4ne-Alpes, Laurent Wauquiez, accompagn\u00e9 du Maire d\u2019Echirolles Renzo Sulli et du Pr\u00e9sident de Grenoble Alpes &hellip; <a href=\"https:\/\/paris-fonds-vert.demeter-im.com\/en\/aledia-recoit-la-visite-du-president-de-la-region-auvergne-rhone-alpes-laurent-wauquiez\/\" class=\"more-link\">Continue reading<span class=\"screen-reader-text\"> &#8220;Aledia re\u00e7oit la visite du Pr\u00e9sident de la r\u00e9gion Auvergne-Rh\u00f4ne-Alpes Laurent Wauquiez&#8221;<\/span><\/a><\/p>\n","protected":false},"author":3,"featured_media":6618,"comment_status":"closed","ping_status":"closed","sticky":false,"template":"","format":"standard","meta":{"footnotes":""},"categories":[20,18],"tags":[104,32,63],"class_list":["post-6616","post","type-post","status-publish","format-standard","has-post-thumbnail","hentry","category-actualites-francais","category-paris-fonds-vert","tag-aledia","tag-demeter","tag-led"],"_links":{"self":[{"href":"https:\/\/paris-fonds-vert.demeter-im.com\/en\/wp-json\/wp\/v2\/posts\/6616","targetHints":{"allow":["GET"]}}],"collection":[{"href":"https:\/\/paris-fonds-vert.demeter-im.com\/en\/wp-json\/wp\/v2\/posts"}],"about":[{"href":"https:\/\/paris-fonds-vert.demeter-im.com\/en\/wp-json\/wp\/v2\/types\/post"}],"author":[{"embeddable":true,"href":"https:\/\/paris-fonds-vert.demeter-im.com\/en\/wp-json\/wp\/v2\/users\/3"}],"replies":[{"embeddable":true,"href":"https:\/\/paris-fonds-vert.demeter-im.com\/en\/wp-json\/wp\/v2\/comments?post=6616"}],"version-history":[{"count":0,"href":"https:\/\/paris-fonds-vert.demeter-im.com\/en\/wp-json\/wp\/v2\/posts\/6616\/revisions"}],"wp:featuredmedia":[{"embeddable":true,"href":"https:\/\/paris-fonds-vert.demeter-im.com\/en\/wp-json\/wp\/v2\/media\/6618"}],"wp:attachment":[{"href":"https:\/\/paris-fonds-vert.demeter-im.com\/en\/wp-json\/wp\/v2\/media?parent=6616"}],"wp:term":[{"taxonomy":"category","embeddable":true,"href":"https:\/\/paris-fonds-vert.demeter-im.com\/en\/wp-json\/wp\/v2\/categories?post=6616"},{"taxonomy":"post_tag","embeddable":true,"href":"https:\/\/paris-fonds-vert.demeter-im.com\/en\/wp-json\/wp\/v2\/tags?post=6616"}],"curies":[{"name":"wp","href":"https:\/\/api.w.org\/{rel}","templated":true}]}}