{"id":6456,"date":"2020-06-19T17:18:47","date_gmt":"2020-06-19T15:18:47","guid":{"rendered":"https:\/\/demeter-im.com\/?p=6456"},"modified":"2020-06-19T17:18:47","modified_gmt":"2020-06-19T15:18:47","slug":"informations-entreprise-interview-avec-daniel-vasalucci-directeur-general-doptimum-automotive","status":"publish","type":"post","link":"https:\/\/paris-fonds-vert.demeter-im.com\/en\/informations-entreprise-interview-avec-daniel-vasalucci-directeur-general-doptimum-automotive\/","title":{"rendered":"Informations Entreprise: interview avec Daniel Vassallucci, directeur g\u00e9n\u00e9ral d&#8217;Optimum Automotive"},"content":{"rendered":"<p>Une interview avec Daniel Vassallucci, directeur g\u00e9n\u00e9ral d&#8217;Optimum Automotive, a \u00e9t\u00e9 publi\u00e9e par Informations Entreprise (<a href=\"http:\/\/www.info-entreprise.com\/\" target=\"_blank\" rel=\"noopener noreferrer\">http:\/\/www.info-entreprise.com\/<\/a>)<\/p>\n<p><img loading=\"lazy\" decoding=\"async\" class=\"aligncenter wp-image-6457 size-full\" src=\"https:\/\/paris-fonds-vert.demeter-im.com\/wp-content\/uploads\/optimum-news.jpg\" alt=\"\" width=\"750\" height=\"1029\" \/><\/p>\n","protected":false},"excerpt":{"rendered":"<p>Une interview avec Daniel Vassallucci, directeur g\u00e9n\u00e9ral d&#8217;Optimum Automotive, a \u00e9t\u00e9 publi\u00e9e par Informations Entreprise (http:\/\/www.info-entreprise.com\/)<\/p>\n","protected":false},"author":3,"featured_media":6460,"comment_status":"closed","ping_status":"closed","sticky":false,"template":"","format":"standard","meta":{"footnotes":""},"categories":[20,18],"tags":[156,155,150,35],"class_list":["post-6456","post","type-post","status-publish","format-standard","has-post-thumbnail","hentry","category-actualites-francais","category-paris-fonds-vert","tag-danielvasalucci","tag-informationsentreprise","tag-interview","tag-optimumautomotive"],"_links":{"self":[{"href":"https:\/\/paris-fonds-vert.demeter-im.com\/en\/wp-json\/wp\/v2\/posts\/6456","targetHints":{"allow":["GET"]}}],"collection":[{"href":"https:\/\/paris-fonds-vert.demeter-im.com\/en\/wp-json\/wp\/v2\/posts"}],"about":[{"href":"https:\/\/paris-fonds-vert.demeter-im.com\/en\/wp-json\/wp\/v2\/types\/post"}],"author":[{"embeddable":true,"href":"https:\/\/paris-fonds-vert.demeter-im.com\/en\/wp-json\/wp\/v2\/users\/3"}],"replies":[{"embeddable":true,"href":"https:\/\/paris-fonds-vert.demeter-im.com\/en\/wp-json\/wp\/v2\/comments?post=6456"}],"version-history":[{"count":0,"href":"https:\/\/paris-fonds-vert.demeter-im.com\/en\/wp-json\/wp\/v2\/posts\/6456\/revisions"}],"wp:featuredmedia":[{"embeddable":true,"href":"https:\/\/paris-fonds-vert.demeter-im.com\/en\/wp-json\/wp\/v2\/media\/6460"}],"wp:attachment":[{"href":"https:\/\/paris-fonds-vert.demeter-im.com\/en\/wp-json\/wp\/v2\/media?parent=6456"}],"wp:term":[{"taxonomy":"category","embeddable":true,"href":"https:\/\/paris-fonds-vert.demeter-im.com\/en\/wp-json\/wp\/v2\/categories?post=6456"},{"taxonomy":"post_tag","embeddable":true,"href":"https:\/\/paris-fonds-vert.demeter-im.com\/en\/wp-json\/wp\/v2\/tags?post=6456"}],"curies":[{"name":"wp","href":"https:\/\/api.w.org\/{rel}","templated":true}]}}