{"id":6228,"date":"2020-04-16T17:38:22","date_gmt":"2020-04-16T15:38:22","guid":{"rendered":"https:\/\/demeter-im.com\/?p=6228"},"modified":"2020-04-16T17:38:22","modified_gmt":"2020-04-16T15:38:22","slug":"spareka-signe-une-levee-de-fonds-de-5-millions-deuros-pour-promouvoir-le-droit-a-la-reparation","status":"publish","type":"post","link":"https:\/\/paris-fonds-vert.demeter-im.com\/en\/spareka-signe-une-levee-de-fonds-de-5-millions-deuros-pour-promouvoir-le-droit-a-la-reparation\/","title":{"rendered":"Spareka signe une lev\u00e9e de fonds de 5 millions d\u2019euros pour promouvoir le droit \u00e0 la r\u00e9paration"},"content":{"rendered":"<p>Spareka a sign\u00e9 une lev\u00e9e de fonds de 5 millions d\u2019euros pour promouvoir le droit \u00e0 la r\u00e9paration.<\/p>\n<p><a href=\"https:\/\/paris-fonds-vert.demeter-im.com\/wp-content\/uploads\/2020-04-16-CP-PFV-Spareka.pdf\" target=\"_blank\" rel=\"noopener noreferrer\">Suivez ce lien<\/a> pour lire le communiqu\u00e9 de presse.<\/p>\n","protected":false},"excerpt":{"rendered":"<p>Spareka a sign\u00e9 une lev\u00e9e de fonds de 5 millions d\u2019euros pour promouvoir le droit \u00e0 la r\u00e9paration. Suivez ce &hellip; <a href=\"https:\/\/paris-fonds-vert.demeter-im.com\/en\/spareka-signe-une-levee-de-fonds-de-5-millions-deuros-pour-promouvoir-le-droit-a-la-reparation\/\" class=\"more-link\">Continue reading<span class=\"screen-reader-text\"> &#8220;Spareka signe une lev\u00e9e de fonds de 5 millions d\u2019euros pour promouvoir le droit \u00e0 la r\u00e9paration&#8221;<\/span><\/a><\/p>\n","protected":false},"author":3,"featured_media":6231,"comment_status":"closed","ping_status":"closed","sticky":false,"template":"","format":"standard","meta":{"footnotes":""},"categories":[20,18],"tags":[32,34,154],"class_list":["post-6228","post","type-post","status-publish","format-standard","has-post-thumbnail","hentry","category-actualites-francais","category-paris-fonds-vert","tag-demeter","tag-pfv","tag-spareka"],"_links":{"self":[{"href":"https:\/\/paris-fonds-vert.demeter-im.com\/en\/wp-json\/wp\/v2\/posts\/6228","targetHints":{"allow":["GET"]}}],"collection":[{"href":"https:\/\/paris-fonds-vert.demeter-im.com\/en\/wp-json\/wp\/v2\/posts"}],"about":[{"href":"https:\/\/paris-fonds-vert.demeter-im.com\/en\/wp-json\/wp\/v2\/types\/post"}],"author":[{"embeddable":true,"href":"https:\/\/paris-fonds-vert.demeter-im.com\/en\/wp-json\/wp\/v2\/users\/3"}],"replies":[{"embeddable":true,"href":"https:\/\/paris-fonds-vert.demeter-im.com\/en\/wp-json\/wp\/v2\/comments?post=6228"}],"version-history":[{"count":0,"href":"https:\/\/paris-fonds-vert.demeter-im.com\/en\/wp-json\/wp\/v2\/posts\/6228\/revisions"}],"wp:featuredmedia":[{"embeddable":true,"href":"https:\/\/paris-fonds-vert.demeter-im.com\/en\/wp-json\/wp\/v2\/media\/6231"}],"wp:attachment":[{"href":"https:\/\/paris-fonds-vert.demeter-im.com\/en\/wp-json\/wp\/v2\/media?parent=6228"}],"wp:term":[{"taxonomy":"category","embeddable":true,"href":"https:\/\/paris-fonds-vert.demeter-im.com\/en\/wp-json\/wp\/v2\/categories?post=6228"},{"taxonomy":"post_tag","embeddable":true,"href":"https:\/\/paris-fonds-vert.demeter-im.com\/en\/wp-json\/wp\/v2\/tags?post=6228"}],"curies":[{"name":"wp","href":"https:\/\/api.w.org\/{rel}","templated":true}]}}