{"id":6209,"date":"2020-04-08T12:26:27","date_gmt":"2020-04-08T10:26:27","guid":{"rendered":"https:\/\/demeter-im.com\/?p=6209"},"modified":"2020-04-08T12:26:27","modified_gmt":"2020-04-08T10:26:27","slug":"cime-capital-annonce-ce-jour-une-levee-de-fonds-de-65-me-aupres-de-paris-fonds-vert","status":"publish","type":"post","link":"https:\/\/paris-fonds-vert.demeter-im.com\/en\/cime-capital-annonce-ce-jour-une-levee-de-fonds-de-65-me-aupres-de-paris-fonds-vert\/","title":{"rendered":"CIME Capital annonce ce jour une lev\u00e9e de fonds de 6M\u20ac aupr\u00e8s de Paris Fonds Vert"},"content":{"rendered":"<p>CIME Capital, leader dans le d\u00e9veloppement et la distribution de solutions globales d\u2019autoconsommation solaire individuelle et collective, annonce ce jour une lev\u00e9e de fonds de 6,5 M\u20ac aupr\u00e8s de Paris Fonds Vert, fonds de capital croissance pour la transition \u00e9cologique des grandes villes, g\u00e9r\u00e9 par Demeter et soutenu par la Mairie de Paris, et de son actionnaire historique Inter Invest Capital. L\u2019objectif de cette lev\u00e9e est de permettre \u00e0 CIME Capital d\u2019\u00e9largir sa gamme de solutions innovantes et d\u2019acc\u00e9l\u00e9rer son d\u00e9veloppement en France et en Europe, contribuant ainsi au d\u00e9veloppement des \u00e9nergies renouvelables, notamment dans les villes.<\/p>\n<p>Pour plus d&#8217;informations, n&#8217;h\u00e9sitez pas \u00e0 vous reporter au <a href=\"https:\/\/paris-fonds-vert.demeter-im.com\/wp-content\/uploads\/20200408-Communique\u0301-de-presse-CIME-Demeter-VF.pdf\" target=\"_blank\" rel=\"noopener noreferrer\">communiqu\u00e9 de presse joint.<\/a>.<\/p>\n","protected":false},"excerpt":{"rendered":"<p>CIME Capital, leader dans le d\u00e9veloppement et la distribution de solutions globales d\u2019autoconsommation solaire individuelle et collective, annonce ce jour &hellip; <a href=\"https:\/\/paris-fonds-vert.demeter-im.com\/en\/cime-capital-annonce-ce-jour-une-levee-de-fonds-de-65-me-aupres-de-paris-fonds-vert\/\" class=\"more-link\">Continue reading<span class=\"screen-reader-text\"> &#8220;CIME Capital annonce ce jour une lev\u00e9e de fonds de 6M\u20ac aupr\u00e8s de Paris Fonds Vert&#8221;<\/span><\/a><\/p>\n","protected":false},"author":3,"featured_media":6210,"comment_status":"closed","ping_status":"closed","sticky":false,"template":"","format":"standard","meta":{"footnotes":""},"categories":[20,18],"tags":[152,153,32,33],"class_list":["post-6209","post","type-post","status-publish","format-standard","has-post-thumbnail","hentry","category-actualites-francais","category-paris-fonds-vert","tag-cime","tag-cimecapital","tag-demeter","tag-parisfondsvert"],"_links":{"self":[{"href":"https:\/\/paris-fonds-vert.demeter-im.com\/en\/wp-json\/wp\/v2\/posts\/6209","targetHints":{"allow":["GET"]}}],"collection":[{"href":"https:\/\/paris-fonds-vert.demeter-im.com\/en\/wp-json\/wp\/v2\/posts"}],"about":[{"href":"https:\/\/paris-fonds-vert.demeter-im.com\/en\/wp-json\/wp\/v2\/types\/post"}],"author":[{"embeddable":true,"href":"https:\/\/paris-fonds-vert.demeter-im.com\/en\/wp-json\/wp\/v2\/users\/3"}],"replies":[{"embeddable":true,"href":"https:\/\/paris-fonds-vert.demeter-im.com\/en\/wp-json\/wp\/v2\/comments?post=6209"}],"version-history":[{"count":0,"href":"https:\/\/paris-fonds-vert.demeter-im.com\/en\/wp-json\/wp\/v2\/posts\/6209\/revisions"}],"wp:featuredmedia":[{"embeddable":true,"href":"https:\/\/paris-fonds-vert.demeter-im.com\/en\/wp-json\/wp\/v2\/media\/6210"}],"wp:attachment":[{"href":"https:\/\/paris-fonds-vert.demeter-im.com\/en\/wp-json\/wp\/v2\/media?parent=6209"}],"wp:term":[{"taxonomy":"category","embeddable":true,"href":"https:\/\/paris-fonds-vert.demeter-im.com\/en\/wp-json\/wp\/v2\/categories?post=6209"},{"taxonomy":"post_tag","embeddable":true,"href":"https:\/\/paris-fonds-vert.demeter-im.com\/en\/wp-json\/wp\/v2\/tags?post=6209"}],"curies":[{"name":"wp","href":"https:\/\/api.w.org\/{rel}","templated":true}]}}