{"id":6154,"date":"2020-03-30T11:40:50","date_gmt":"2020-03-30T09:40:50","guid":{"rendered":"https:\/\/demeter-im.com\/?p=6154"},"modified":"2020-03-30T11:40:50","modified_gmt":"2020-03-30T09:40:50","slug":"une-decennie-dascension-pour-les-cleantech-la-commission-climat-publie-son-barometre-des-levees-de-fonds-special-10-ans","status":"publish","type":"post","link":"https:\/\/paris-fonds-vert.demeter-im.com\/en\/une-decennie-dascension-pour-les-cleantech-la-commission-climat-publie-son-barometre-des-levees-de-fonds-special-10-ans\/","title":{"rendered":"&#8220;Une d\u00e9cennie d\u2019ascension pour les cleantech&#8221;, la Commission Climat publie son Barom\u00e8tre des lev\u00e9es de fonds sp\u00e9cial 10 ans"},"content":{"rendered":"<p>Le <a href=\"https:\/\/paris-fonds-vert.demeter-im.com\/wp-content\/uploads\/Barometre-10-ans-3.pdf\">Barom\u00e8tre<\/a>\u00a0des lev\u00e9es de fonds des 10 ans de la Commission Climat de France Invest a \u00e9t\u00e9 publi\u00e9 et r\u00e9alis\u00e9 avec les donn\u00e9es de GreenUnivers et en partenariat avec EY.<\/p>\n<p>Interview\u00e9e le 17 mars par les Echos, Sophie Paturle-Guesnerot, Pr\u00e9sidente de la Commission Climat de France Invest,\u00a0 est revenue sur les dix derni\u00e8res ann\u00e9es des entreprises fran\u00e7aises op\u00e9rant dans le secteur de l\u2019environnement.<\/p>\n<p>Article \u00e0 lire :\u00a0<a href=\"https:\/\/business.lesechos.fr\/entrepreneurs\/financer-sa-creation\/0602915859105-cleantech-une-decennie-d-ascension-avec-6-milliards-leves-335799.php\">https:\/\/business.lesechos.fr\/entrepreneurs\/financer-sa-creation\/0602915859105-cleantech-une-decennie-d-ascension-avec-6-milliards-leves-335799.php<\/a><\/p>\n","protected":false},"excerpt":{"rendered":"<p>Le Barom\u00e8tre\u00a0des lev\u00e9es de fonds des 10 ans de la Commission Climat de France Invest a \u00e9t\u00e9 publi\u00e9 et r\u00e9alis\u00e9 &hellip; <a href=\"https:\/\/paris-fonds-vert.demeter-im.com\/en\/une-decennie-dascension-pour-les-cleantech-la-commission-climat-publie-son-barometre-des-levees-de-fonds-special-10-ans\/\" class=\"more-link\">Continue reading<span class=\"screen-reader-text\"> &#8220;&#8220;Une d\u00e9cennie d\u2019ascension pour les cleantech&#8221;, la Commission Climat publie son Barom\u00e8tre des lev\u00e9es de fonds sp\u00e9cial 10 ans&#8221;<\/span><\/a><\/p>\n","protected":false},"author":3,"featured_media":6177,"comment_status":"closed","ping_status":"closed","sticky":false,"template":"","format":"standard","meta":{"footnotes":""},"categories":[20,18],"tags":[],"class_list":["post-6154","post","type-post","status-publish","format-standard","has-post-thumbnail","hentry","category-actualites-francais","category-paris-fonds-vert"],"_links":{"self":[{"href":"https:\/\/paris-fonds-vert.demeter-im.com\/en\/wp-json\/wp\/v2\/posts\/6154","targetHints":{"allow":["GET"]}}],"collection":[{"href":"https:\/\/paris-fonds-vert.demeter-im.com\/en\/wp-json\/wp\/v2\/posts"}],"about":[{"href":"https:\/\/paris-fonds-vert.demeter-im.com\/en\/wp-json\/wp\/v2\/types\/post"}],"author":[{"embeddable":true,"href":"https:\/\/paris-fonds-vert.demeter-im.com\/en\/wp-json\/wp\/v2\/users\/3"}],"replies":[{"embeddable":true,"href":"https:\/\/paris-fonds-vert.demeter-im.com\/en\/wp-json\/wp\/v2\/comments?post=6154"}],"version-history":[{"count":0,"href":"https:\/\/paris-fonds-vert.demeter-im.com\/en\/wp-json\/wp\/v2\/posts\/6154\/revisions"}],"wp:featuredmedia":[{"embeddable":true,"href":"https:\/\/paris-fonds-vert.demeter-im.com\/en\/wp-json\/wp\/v2\/media\/6177"}],"wp:attachment":[{"href":"https:\/\/paris-fonds-vert.demeter-im.com\/en\/wp-json\/wp\/v2\/media?parent=6154"}],"wp:term":[{"taxonomy":"category","embeddable":true,"href":"https:\/\/paris-fonds-vert.demeter-im.com\/en\/wp-json\/wp\/v2\/categories?post=6154"},{"taxonomy":"post_tag","embeddable":true,"href":"https:\/\/paris-fonds-vert.demeter-im.com\/en\/wp-json\/wp\/v2\/tags?post=6154"}],"curies":[{"name":"wp","href":"https:\/\/api.w.org\/{rel}","templated":true}]}}