{"id":6003,"date":"2020-02-04T11:14:22","date_gmt":"2020-02-04T10:14:22","guid":{"rendered":"https:\/\/demeter-im.com\/?p=6003"},"modified":"2020-02-04T11:14:22","modified_gmt":"2020-02-04T10:14:22","slug":"demeter-etait-present-a-lipem-2020","status":"publish","type":"post","link":"https:\/\/paris-fonds-vert.demeter-im.com\/en\/demeter-etait-present-a-lipem-2020\/","title":{"rendered":"Demeter \u00e9tait pr\u00e9sent \u00e0 l&#8217;IPEM 2020"},"content":{"rendered":"<p><a href=\"https:\/\/demeter-im.com\/\">Demeter<\/a> \u00e9tait pr\u00e9sent \u00e0 l\u2019IPEM pour promouvoir ses deux fonds en cours de lev\u00e9e :<\/p>\n<ul>\n<li>Climate Infrastructure Fund (CIF)<\/li>\n<li>Green European Tech venture fund (GET)<\/li>\n<\/ul>\n<p>Deux <strong>fonds de capital investissement<\/strong> d\u00e9di\u00e9s \u00e0 l\u2019accompagnement des champions de la <strong>transition \u00e9cologique<\/strong>.<\/p>\n<p><img loading=\"lazy\" decoding=\"async\" class=\"alignnone wp-image-6005\" src=\"https:\/\/paris-fonds-vert.demeter-im.com\/wp-content\/uploads\/ipem-2020-d1-FLE_6767-28012020-Generique-200x300.jpg\" alt=\"Investir energie renouvelable - Demeter\" width=\"133\" height=\"200\" \/><img loading=\"lazy\" decoding=\"async\" class=\"alignnone wp-image-6007 size-medium\" src=\"https:\/\/paris-fonds-vert.demeter-im.com\/wp-content\/uploads\/ipem-2020-d1-FA6_5258-SP-JLAllavena-300x200.jpg\" alt=\"Investissement \u00e9nergie renouvelable - Demeter\" width=\"300\" height=\"200\" \/><\/p>\n","protected":false},"excerpt":{"rendered":"<p>Demeter \u00e9tait pr\u00e9sent \u00e0 l\u2019IPEM pour promouvoir ses deux fonds en cours de lev\u00e9e : Climate Infrastructure Fund (CIF) Green &hellip; <a href=\"https:\/\/paris-fonds-vert.demeter-im.com\/en\/demeter-etait-present-a-lipem-2020\/\" class=\"more-link\">Continue reading<span class=\"screen-reader-text\"> &#8220;Demeter \u00e9tait pr\u00e9sent \u00e0 l&#8217;IPEM 2020&#8221;<\/span><\/a><\/p>\n","protected":false},"author":3,"featured_media":6017,"comment_status":"closed","ping_status":"closed","sticky":false,"template":"","format":"standard","meta":{"footnotes":""},"categories":[20,18],"tags":[147,50],"class_list":["post-6003","post","type-post","status-publish","format-standard","has-post-thumbnail","hentry","category-actualites-francais","category-paris-fonds-vert","tag-ipem","tag-transition-ecologique"],"_links":{"self":[{"href":"https:\/\/paris-fonds-vert.demeter-im.com\/en\/wp-json\/wp\/v2\/posts\/6003","targetHints":{"allow":["GET"]}}],"collection":[{"href":"https:\/\/paris-fonds-vert.demeter-im.com\/en\/wp-json\/wp\/v2\/posts"}],"about":[{"href":"https:\/\/paris-fonds-vert.demeter-im.com\/en\/wp-json\/wp\/v2\/types\/post"}],"author":[{"embeddable":true,"href":"https:\/\/paris-fonds-vert.demeter-im.com\/en\/wp-json\/wp\/v2\/users\/3"}],"replies":[{"embeddable":true,"href":"https:\/\/paris-fonds-vert.demeter-im.com\/en\/wp-json\/wp\/v2\/comments?post=6003"}],"version-history":[{"count":0,"href":"https:\/\/paris-fonds-vert.demeter-im.com\/en\/wp-json\/wp\/v2\/posts\/6003\/revisions"}],"wp:featuredmedia":[{"embeddable":true,"href":"https:\/\/paris-fonds-vert.demeter-im.com\/en\/wp-json\/wp\/v2\/media\/6017"}],"wp:attachment":[{"href":"https:\/\/paris-fonds-vert.demeter-im.com\/en\/wp-json\/wp\/v2\/media?parent=6003"}],"wp:term":[{"taxonomy":"category","embeddable":true,"href":"https:\/\/paris-fonds-vert.demeter-im.com\/en\/wp-json\/wp\/v2\/categories?post=6003"},{"taxonomy":"post_tag","embeddable":true,"href":"https:\/\/paris-fonds-vert.demeter-im.com\/en\/wp-json\/wp\/v2\/tags?post=6003"}],"curies":[{"name":"wp","href":"https:\/\/api.w.org\/{rel}","templated":true}]}}