{"id":5833,"date":"2020-01-23T11:38:55","date_gmt":"2020-01-23T10:38:55","guid":{"rendered":"https:\/\/demeter-im.com\/?p=5833"},"modified":"2020-01-23T11:38:55","modified_gmt":"2020-01-23T10:38:55","slug":"brgm-et-soltracing-lancent-un-service-inedit-de-tracabilite-des-terres-excavees","status":"publish","type":"post","link":"https:\/\/paris-fonds-vert.demeter-im.com\/en\/brgm-et-soltracing-lancent-un-service-inedit-de-tracabilite-des-terres-excavees\/","title":{"rendered":"BRGM et Soltracing lancent un service inedit de tra\u00e7abilit\u00e9 des terres excav\u00e9es"},"content":{"rendered":"<p>Le BRGM, service g\u00e9ologique national, choisit Soltracing, soci\u00e9t\u00e9 cr\u00e9\u00e9e par Hesus, participation de Paris Fonds Vert, pour garantir la tra\u00e7abilit\u00e9 des terres dans une logique d\u2019\u00e9conomie circulaire.<\/p>\n<p>Demeter se r\u00e9jouit de ce choix, qui permettra \u00e0 tous les acteurs de la chaine de la gestion des terres de chantiers de disposer d\u2019une solution digitale innovante simplifiant la gestion et permettant une meilleure valorisation. Cette annonce s\u2019inscrit dans la continuit\u00e9 de la loi pour une \u00e9conomie circulaire qui confirme la sortie du statut de d\u00e9chet des terres excav\u00e9es.<\/p>\n<p>Soltracing, acteur fran\u00e7ais d\u00e9j\u00e0 reconnu depuis sa cr\u00e9ation en 2015 sur le sujet de la valorisation des terres excav\u00e9es devient l\u2019acteur de r\u00e9f\u00e9rence, choisi par le gouvernement pour garantir la tra\u00e7abilit\u00e9 des terres et acc\u00e9l\u00e9rer la r\u00e9utilisation, dans une logique d\u2019\u00e9conomie circulaire.<\/p>\n<p>Bravo \u00e0 Emmanuel Cazeneuve, l\u2019\u00e9quipe d\u2019Hesus et \u00e0 toutes les parties prenantes \u00e0 cette collaboration prometteuse\u00a0!<\/p>\n<p>&nbsp;<\/p>\n<p>Pour plus d&#8217;informations, n&#8217;h\u00e9sitez pas \u00e0 vous reporter au communiqu\u00e9 de presse joint.<\/p>\n<p><a href=\"https:\/\/paris-fonds-vert.demeter-im.com\/wp-content\/uploads\/CP-Soltracing-Hesus.pdf\" target=\"_blank\" rel=\"noopener noreferrer\">CP Soltracing Hesus<\/a><\/p>\n","protected":false},"excerpt":{"rendered":"<p>Le BRGM, service g\u00e9ologique national, choisit Soltracing, soci\u00e9t\u00e9 cr\u00e9\u00e9e par Hesus, participation de Paris Fonds Vert, pour garantir la tra\u00e7abilit\u00e9 &hellip; <a href=\"https:\/\/paris-fonds-vert.demeter-im.com\/en\/brgm-et-soltracing-lancent-un-service-inedit-de-tracabilite-des-terres-excavees\/\" class=\"more-link\">Continue reading<span class=\"screen-reader-text\"> &#8220;BRGM et Soltracing lancent un service inedit de tra\u00e7abilit\u00e9 des terres excav\u00e9es&#8221;<\/span><\/a><\/p>\n","protected":false},"author":3,"featured_media":5834,"comment_status":"closed","ping_status":"closed","sticky":false,"template":"","format":"standard","meta":{"footnotes":""},"categories":[20,18],"tags":[72,62,144,146,145],"class_list":["post-5833","post","type-post","status-publish","format-standard","has-post-thumbnail","hentry","category-actualites-francais","category-paris-fonds-vert","tag-economie-circulaire","tag-innovation-fr","tag-service-geologique-national","tag-soltracing-fr","tag-terres"],"_links":{"self":[{"href":"https:\/\/paris-fonds-vert.demeter-im.com\/en\/wp-json\/wp\/v2\/posts\/5833","targetHints":{"allow":["GET"]}}],"collection":[{"href":"https:\/\/paris-fonds-vert.demeter-im.com\/en\/wp-json\/wp\/v2\/posts"}],"about":[{"href":"https:\/\/paris-fonds-vert.demeter-im.com\/en\/wp-json\/wp\/v2\/types\/post"}],"author":[{"embeddable":true,"href":"https:\/\/paris-fonds-vert.demeter-im.com\/en\/wp-json\/wp\/v2\/users\/3"}],"replies":[{"embeddable":true,"href":"https:\/\/paris-fonds-vert.demeter-im.com\/en\/wp-json\/wp\/v2\/comments?post=5833"}],"version-history":[{"count":0,"href":"https:\/\/paris-fonds-vert.demeter-im.com\/en\/wp-json\/wp\/v2\/posts\/5833\/revisions"}],"wp:featuredmedia":[{"embeddable":true,"href":"https:\/\/paris-fonds-vert.demeter-im.com\/en\/wp-json\/wp\/v2\/media\/5834"}],"wp:attachment":[{"href":"https:\/\/paris-fonds-vert.demeter-im.com\/en\/wp-json\/wp\/v2\/media?parent=5833"}],"wp:term":[{"taxonomy":"category","embeddable":true,"href":"https:\/\/paris-fonds-vert.demeter-im.com\/en\/wp-json\/wp\/v2\/categories?post=5833"},{"taxonomy":"post_tag","embeddable":true,"href":"https:\/\/paris-fonds-vert.demeter-im.com\/en\/wp-json\/wp\/v2\/tags?post=5833"}],"curies":[{"name":"wp","href":"https:\/\/api.w.org\/{rel}","templated":true}]}}