{"id":5730,"date":"2019-12-04T17:54:25","date_gmt":"2019-12-04T16:54:25","guid":{"rendered":"https:\/\/demeter-im.com\/?p=5730"},"modified":"2019-12-04T17:54:25","modified_gmt":"2019-12-04T16:54:25","slug":"demeter-participait-a-la-table-ronde-sur-le-theme-la-rse-au-coeur-des-enjeux-de-gouvernance-quels-resultats-organisee-par-apia","status":"publish","type":"post","link":"https:\/\/paris-fonds-vert.demeter-im.com\/en\/demeter-participait-a-la-table-ronde-sur-le-theme-la-rse-au-coeur-des-enjeux-de-gouvernance-quels-resultats-organisee-par-apia\/","title":{"rendered":"Demeter participait \u00e0 la table ronde sur le th\u00e8me &#8220;La RSE au coeur des enjeux de gouvernance, quels r\u00e9sultats ?&#8221; organis\u00e9e par APIA"},"content":{"rendered":"<p>Sophie Paturle Guesnerot participait \u00e0 la table ronde sur le th\u00e8me &#8220;La RSE au coeur des enjeux de gouvernance, quels r\u00e9sultats ?&#8221; organis\u00e9e par APIA, \u00e0 l&#8217;Auditorium Bpifrance le 3 d\u00e9cembre.<\/p>\n<p>Plus de 200 personnes \u00e9taient r\u00e9unies pour participer \u00e0 la matinale Gouvernance &amp; RSE : Levier de performance durable pour les PMEet ETI, anim\u00e9e par Arnaud Le Gal, R\u00e9dacteur en chef, Les Echos.<\/p>\n<p>Participaient \u00e9galement \u00e0 la table ronde :<\/p>\n<p>Lo\u00efc Letierce, Pr\u00e9sident du Conseil de famille, Plan\u00e8te V\u00e9g\u00e9tale<\/p>\n<p>S\u00e9bastien Michaux, Dirigeant, GCC Aquitaine<\/p>\n<p>Estelle Roux, Directrice G\u00e9n\u00e9rale, Sogemarco-Daher<\/p>\n<p>Philippe Kunter, Directeur du d\u00e9veloppement durable et de la RSE, Bpifrance<\/p>\n<p><img loading=\"lazy\" decoding=\"async\" class=\"alignnone wp-image-5747\" src=\"https:\/\/paris-fonds-vert.demeter-im.com\/wp-content\/uploads\/2019-12-03-APIA-2-2-300x225.jpg\" alt=\"\" width=\"382\" height=\"287\" \/><\/p>\n","protected":false},"excerpt":{"rendered":"<p>Sophie Paturle Guesnerot participait \u00e0 la table ronde sur le th\u00e8me &#8220;La RSE au coeur des enjeux de gouvernance, quels &hellip; <a href=\"https:\/\/paris-fonds-vert.demeter-im.com\/en\/demeter-participait-a-la-table-ronde-sur-le-theme-la-rse-au-coeur-des-enjeux-de-gouvernance-quels-resultats-organisee-par-apia\/\" class=\"more-link\">Continue reading<span class=\"screen-reader-text\"> &#8220;Demeter participait \u00e0 la table ronde sur le th\u00e8me &#8220;La RSE au coeur des enjeux de gouvernance, quels r\u00e9sultats ?&#8221; organis\u00e9e par APIA&#8221;<\/span><\/a><\/p>\n","protected":false},"author":3,"featured_media":5740,"comment_status":"closed","ping_status":"closed","sticky":false,"template":"","format":"standard","meta":{"footnotes":""},"categories":[20,18],"tags":[49,48],"class_list":["post-5730","post","type-post","status-publish","format-standard","has-post-thumbnail","hentry","category-actualites-francais","category-paris-fonds-vert","tag-gouvernance","tag-rse"],"_links":{"self":[{"href":"https:\/\/paris-fonds-vert.demeter-im.com\/en\/wp-json\/wp\/v2\/posts\/5730","targetHints":{"allow":["GET"]}}],"collection":[{"href":"https:\/\/paris-fonds-vert.demeter-im.com\/en\/wp-json\/wp\/v2\/posts"}],"about":[{"href":"https:\/\/paris-fonds-vert.demeter-im.com\/en\/wp-json\/wp\/v2\/types\/post"}],"author":[{"embeddable":true,"href":"https:\/\/paris-fonds-vert.demeter-im.com\/en\/wp-json\/wp\/v2\/users\/3"}],"replies":[{"embeddable":true,"href":"https:\/\/paris-fonds-vert.demeter-im.com\/en\/wp-json\/wp\/v2\/comments?post=5730"}],"version-history":[{"count":0,"href":"https:\/\/paris-fonds-vert.demeter-im.com\/en\/wp-json\/wp\/v2\/posts\/5730\/revisions"}],"wp:featuredmedia":[{"embeddable":true,"href":"https:\/\/paris-fonds-vert.demeter-im.com\/en\/wp-json\/wp\/v2\/media\/5740"}],"wp:attachment":[{"href":"https:\/\/paris-fonds-vert.demeter-im.com\/en\/wp-json\/wp\/v2\/media?parent=5730"}],"wp:term":[{"taxonomy":"category","embeddable":true,"href":"https:\/\/paris-fonds-vert.demeter-im.com\/en\/wp-json\/wp\/v2\/categories?post=5730"},{"taxonomy":"post_tag","embeddable":true,"href":"https:\/\/paris-fonds-vert.demeter-im.com\/en\/wp-json\/wp\/v2\/tags?post=5730"}],"curies":[{"name":"wp","href":"https:\/\/api.w.org\/{rel}","templated":true}]}}