{"id":5706,"date":"2019-11-28T18:27:41","date_gmt":"2019-11-28T17:27:41","guid":{"rendered":"https:\/\/demeter-im.com\/?p=5706"},"modified":"2019-11-28T18:27:41","modified_gmt":"2019-11-28T17:27:41","slug":"soiree-france-invest-hydrogene-vert-une-solution-energetique-des-2020","status":"publish","type":"post","link":"https:\/\/paris-fonds-vert.demeter-im.com\/en\/soiree-france-invest-hydrogene-vert-une-solution-energetique-des-2020\/","title":{"rendered":"Soir\u00e9e France Invest : \u00ab Hydrog\u00e8ne vert, une solution \u00e9nerg\u00e9tique d\u00e8s 20\u202620 ? \u00bb"},"content":{"rendered":"<p>Sophie Paturle-Guesnerot, Pr\u00e9sidente de la Commission Climat de France Invest, a ouvert la soir\u00e9e sur le th\u00e8me de \u00ab L\u2019Hydrog\u00e8ne vert, une solution \u00e9nerg\u00e9tique d\u00e8s 20\u202620 ? \u00bb.<\/p>\n<p>Cette soir\u00e9e a rassembl\u00e9 90 participants, financiers, industriels, entrepreneurs et pouvoirs publics, autour de ce sujet au premier plan de la transition \u00e9cologique.<\/p>\n<p>Le keynote speaker, Philippe Boucly, Pr\u00e9sident de l\u2019AFHYPAC, a pr\u00e9sent\u00e9 le panorama g\u00e9n\u00e9ral ainsi que les perspectives de d\u00e9veloppement en pr\u00e9cisant que l\u2019hydrog\u00e8ne est d\u00e9j\u00e0 une solution \u00e9nerg\u00e9tique applicable d\u00e8s aujourd\u2019hui.<\/p>\n<p>Une table ronde anim\u00e9e par Alexis Gazzo (Partner, EY) et rassemblant plusieurs acteurs du secteur \u00a0: Jean-Michel Amar\u00e9 (CEO, Ataway), Val\u00e9rie Bouillon-Delporte (Strategic Hydrogen Initiative Leader Michelin, Pr\u00e9sidente Hydrogen Europe), Sabine Chabanon (CFO, Hynamics), Mathieu Gardies (CEO, HYPE), Michel Gioria (Directeur R\u00e9gional Ile de France, ADEME), a pr\u00e9sent\u00e9 les applications concr\u00e8tes et les leviers \u00e0 mobiliser pour faire \u00e9merger cette fili\u00e8re.<\/p>\n<p><img loading=\"lazy\" decoding=\"async\" class=\"alignnone size-medium wp-image-5717\" src=\"https:\/\/paris-fonds-vert.demeter-im.com\/wp-content\/uploads\/2019-11-27-Commission-Climat-Hydrogene-SP-3-234x300.jpg\" alt=\"\" width=\"234\" height=\"300\" \/><img loading=\"lazy\" decoding=\"async\" class=\"alignnone wp-image-5718\" src=\"https:\/\/paris-fonds-vert.demeter-im.com\/wp-content\/uploads\/2019-11-27-Commission-Climat-Hydrogene-1-300x225.jpg\" alt=\"\" width=\"399\" height=\"299\" \/><\/p>\n","protected":false},"excerpt":{"rendered":"<p>Sophie Paturle-Guesnerot, Pr\u00e9sidente de la Commission Climat de France Invest, a ouvert la soir\u00e9e sur le th\u00e8me de \u00ab L\u2019Hydrog\u00e8ne &hellip; <a href=\"https:\/\/paris-fonds-vert.demeter-im.com\/en\/soiree-france-invest-hydrogene-vert-une-solution-energetique-des-2020\/\" class=\"more-link\">Continue reading<span class=\"screen-reader-text\"> &#8220;Soir\u00e9e France Invest : \u00ab Hydrog\u00e8ne vert, une solution \u00e9nerg\u00e9tique d\u00e8s 20\u202620 ? \u00bb&#8221;<\/span><\/a><\/p>\n","protected":false},"author":3,"featured_media":5710,"comment_status":"closed","ping_status":"closed","sticky":false,"template":"","format":"standard","meta":{"footnotes":""},"categories":[20,18],"tags":[45,46,47],"class_list":["post-5706","post","type-post","status-publish","format-standard","has-post-thumbnail","hentry","category-actualites-francais","category-paris-fonds-vert","tag-ey","tag-france-invest","tag-hydrogene-fr"],"_links":{"self":[{"href":"https:\/\/paris-fonds-vert.demeter-im.com\/en\/wp-json\/wp\/v2\/posts\/5706","targetHints":{"allow":["GET"]}}],"collection":[{"href":"https:\/\/paris-fonds-vert.demeter-im.com\/en\/wp-json\/wp\/v2\/posts"}],"about":[{"href":"https:\/\/paris-fonds-vert.demeter-im.com\/en\/wp-json\/wp\/v2\/types\/post"}],"author":[{"embeddable":true,"href":"https:\/\/paris-fonds-vert.demeter-im.com\/en\/wp-json\/wp\/v2\/users\/3"}],"replies":[{"embeddable":true,"href":"https:\/\/paris-fonds-vert.demeter-im.com\/en\/wp-json\/wp\/v2\/comments?post=5706"}],"version-history":[{"count":0,"href":"https:\/\/paris-fonds-vert.demeter-im.com\/en\/wp-json\/wp\/v2\/posts\/5706\/revisions"}],"wp:featuredmedia":[{"embeddable":true,"href":"https:\/\/paris-fonds-vert.demeter-im.com\/en\/wp-json\/wp\/v2\/media\/5710"}],"wp:attachment":[{"href":"https:\/\/paris-fonds-vert.demeter-im.com\/en\/wp-json\/wp\/v2\/media?parent=5706"}],"wp:term":[{"taxonomy":"category","embeddable":true,"href":"https:\/\/paris-fonds-vert.demeter-im.com\/en\/wp-json\/wp\/v2\/categories?post=5706"},{"taxonomy":"post_tag","embeddable":true,"href":"https:\/\/paris-fonds-vert.demeter-im.com\/en\/wp-json\/wp\/v2\/tags?post=5706"}],"curies":[{"name":"wp","href":"https:\/\/api.w.org\/{rel}","templated":true}]}}