{"id":5543,"date":"2019-11-12T14:27:08","date_gmt":"2019-11-12T13:27:08","guid":{"rendered":"https:\/\/demeter-im.com\/?p=5543"},"modified":"2019-11-12T14:27:08","modified_gmt":"2019-11-12T13:27:08","slug":"optimum-automotive-leader-des-services-telematiques-de-gestion-de-flottes-automobiles-professionnelles-leve-14-millions-e-a-travers-une-operation-dirigee-par-demeter","status":"publish","type":"post","link":"https:\/\/paris-fonds-vert.demeter-im.com\/en\/optimum-automotive-leader-des-services-telematiques-de-gestion-de-flottes-automobiles-professionnelles-leve-14-millions-e-a-travers-une-operation-dirigee-par-demeter\/","title":{"rendered":"Optimum Automotive, leader des services t\u00e9l\u00e9matiques de gestion de flottes automobiles professionnelles, l\u00e8ve 14 millions \u20ac \u00e0 travers une op\u00e9ration dirig\u00e9e par Demeter"},"content":{"rendered":"<p>Optimum Automotive, leader des services t\u00e9l\u00e9matiques de gestion de flottes automobiles professionnelles en France acc\u00e9l\u00e8re son d\u00e9veloppement en levant 14 M\u20ac.<\/p>\n<p>Cr\u00e9\u00e9e \u00e0 Aix-en-Provence en 2006, Optimum Automotive, qui op\u00e8re \u00e9galement sous la marque Mapping Control, fournit aux gestionnaires de flottes automobiles professionnelles (entreprises et collectivit\u00e9s) des services connect\u00e9s leur permettant \u00e0 la fois de r\u00e9duire de fa\u00e7on mesurable leurs co\u00fbts d\u2019exploitation, d\u2019abaisser l\u2019impact environnemental des flottes et de faciliter l\u2019\u00e9volution vers le v\u00e9hicule \u00e9lectrique et les nouvelles formes de mobilit\u00e9 comme l\u2019autopartage ou le co-voiturage.<\/p>\n<p>Optimum Automotive \u00e9quipe \u00e0 ce jour plus de 80\u00a0000 v\u00e9hicules professionnels pour plus de 4\u00a0000 clients. Elle est pr\u00e9sente sur le march\u00e9 fran\u00e7ais, notamment en r\u00e9gion parisienne ainsi qu\u2019au Maroc et en C\u00f4te-d\u2019Ivoire.<\/p>\n<p>D\u2019un montant total de 14 millions \u20ac, la lev\u00e9e de fonds est dirig\u00e9e par Demeter \u00e0 travers Paris Fonds Vert, dont c\u2019est le 4\u00e8me investissement et associe Amundi ainsi que trois actionnaires historiques. Elle a pour objectif de financer une nouvelle \u00e9tape de croissance de la soci\u00e9t\u00e9 sur les march\u00e9s fran\u00e7ais et europ\u00e9ens.<\/p>\n<p>Plus d\u2019informations dans le communiqu\u00e9 ci-joint : <a href=\"https:\/\/paris-fonds-vert.demeter-im.com\/wp-content\/uploads\/19-11-07-Communique-de-presse-Optimum-Automotive.pdf\" target=\"_blank\" rel=\"noopener noreferrer\">Optimum Automotive<\/a><\/p>\n","protected":false},"excerpt":{"rendered":"<p>Optimum Automotive, leader des services t\u00e9l\u00e9matiques de gestion de flottes automobiles professionnelles en France acc\u00e9l\u00e8re son d\u00e9veloppement en levant 14 &hellip; <a href=\"https:\/\/paris-fonds-vert.demeter-im.com\/en\/optimum-automotive-leader-des-services-telematiques-de-gestion-de-flottes-automobiles-professionnelles-leve-14-millions-e-a-travers-une-operation-dirigee-par-demeter\/\" class=\"more-link\">Continue reading<span class=\"screen-reader-text\"> &#8220;Optimum Automotive, leader des services t\u00e9l\u00e9matiques de gestion de flottes automobiles professionnelles, l\u00e8ve 14 millions \u20ac \u00e0 travers une op\u00e9ration dirig\u00e9e par Demeter&#8221;<\/span><\/a><\/p>\n","protected":false},"author":3,"featured_media":5545,"comment_status":"closed","ping_status":"closed","sticky":false,"template":"","format":"standard","meta":{"footnotes":""},"categories":[20,18],"tags":[32,36,35,33,34,37],"class_list":["post-5543","post","type-post","status-publish","format-standard","has-post-thumbnail","hentry","category-actualites-francais","category-paris-fonds-vert","tag-demeter","tag-flottesautomobiles","tag-optimumautomotive","tag-parisfondsvert","tag-pfv","tag-vehicule"],"_links":{"self":[{"href":"https:\/\/paris-fonds-vert.demeter-im.com\/en\/wp-json\/wp\/v2\/posts\/5543","targetHints":{"allow":["GET"]}}],"collection":[{"href":"https:\/\/paris-fonds-vert.demeter-im.com\/en\/wp-json\/wp\/v2\/posts"}],"about":[{"href":"https:\/\/paris-fonds-vert.demeter-im.com\/en\/wp-json\/wp\/v2\/types\/post"}],"author":[{"embeddable":true,"href":"https:\/\/paris-fonds-vert.demeter-im.com\/en\/wp-json\/wp\/v2\/users\/3"}],"replies":[{"embeddable":true,"href":"https:\/\/paris-fonds-vert.demeter-im.com\/en\/wp-json\/wp\/v2\/comments?post=5543"}],"version-history":[{"count":0,"href":"https:\/\/paris-fonds-vert.demeter-im.com\/en\/wp-json\/wp\/v2\/posts\/5543\/revisions"}],"wp:featuredmedia":[{"embeddable":true,"href":"https:\/\/paris-fonds-vert.demeter-im.com\/en\/wp-json\/wp\/v2\/media\/5545"}],"wp:attachment":[{"href":"https:\/\/paris-fonds-vert.demeter-im.com\/en\/wp-json\/wp\/v2\/media?parent=5543"}],"wp:term":[{"taxonomy":"category","embeddable":true,"href":"https:\/\/paris-fonds-vert.demeter-im.com\/en\/wp-json\/wp\/v2\/categories?post=5543"},{"taxonomy":"post_tag","embeddable":true,"href":"https:\/\/paris-fonds-vert.demeter-im.com\/en\/wp-json\/wp\/v2\/tags?post=5543"}],"curies":[{"name":"wp","href":"https:\/\/api.w.org\/{rel}","templated":true}]}}