{"id":5468,"date":"2019-10-18T17:49:08","date_gmt":"2019-10-18T15:49:08","guid":{"rendered":"https:\/\/demeter-im.com\/?p=5468"},"modified":"2019-10-18T17:49:08","modified_gmt":"2019-10-18T15:49:08","slug":"demeter-signe-la-charte-sista-et-sengage-pour-lacceleration-du-financement-des-femmes-entrepreneurs","status":"publish","type":"post","link":"https:\/\/paris-fonds-vert.demeter-im.com\/en\/demeter-signe-la-charte-sista-et-sengage-pour-lacceleration-du-financement-des-femmes-entrepreneurs\/","title":{"rendered":"Demeter signe la Charte SISTA et s&#8217;engage pour l&#8217;acc\u00e9l\u00e9ration du financement des femmes entrepreneurs"},"content":{"rendered":"<p>Demeter signe la Charte SISTA et s&#8217;engage pour l&#8217;acc\u00e9l\u00e9ration du financement des femmes entrepreneurs.<\/p>\n<p>Demeter est fier de compter dans son portefeuille cinq femmes PdG de start-up innovantes :<\/p>\n<ul>\n<li>Yanne Courcoux, PDG : <a href=\"https:\/\/tibot.fr\/robotique-avicole-228.php\">Tibot Technologies<\/a><\/li>\n<li>Clara Vaisse, DG : <a href=\"http:\/\/https:\/\/getapony.com\/\">Pony<\/a><\/li>\n<li>Marie-H\u00e9l\u00e8ne Gramatikoff, PDG : <a href=\"http:\/\/http:\/\/lactips.com\/fr\/accueil\/\">Lactips<\/a><\/li>\n<li>Elodie Bondi, DG : <a href=\"http:\/\/https:\/\/www.qualisteo.com\/\">Qualisteo<\/a><\/li>\n<li>Nadine Pesonen, PDG : <a href=\"http:\/\/https:\/\/quanturi.com\/?lang=fr\">Quanturi<\/a><\/li>\n<\/ul>\n<p>Sophie Paturle-Guesnerot participait \u00e0 la r\u00e9union de travail et \u00e0 la c\u00e9r\u00e9monie qui l&#8217;a suivie au Minist\u00e8re de l&#8217;\u00c9conomie et des Finances , avec le Secr\u00e9taire d&#8217;Etat charg\u00e9 du Num\u00e9rique, C\u00e9dric O.<\/p>\n<p>&nbsp;<\/p>\n","protected":false},"excerpt":{"rendered":"<p>Demeter signe la Charte SISTA et s&#8217;engage pour l&#8217;acc\u00e9l\u00e9ration du financement des femmes entrepreneurs. Demeter est fier de compter dans &hellip; <a href=\"https:\/\/paris-fonds-vert.demeter-im.com\/en\/demeter-signe-la-charte-sista-et-sengage-pour-lacceleration-du-financement-des-femmes-entrepreneurs\/\" class=\"more-link\">Continue reading<span class=\"screen-reader-text\"> &#8220;Demeter signe la Charte SISTA et s&#8217;engage pour l&#8217;acc\u00e9l\u00e9ration du financement des femmes entrepreneurs&#8221;<\/span><\/a><\/p>\n","protected":false},"author":3,"featured_media":5476,"comment_status":"closed","ping_status":"closed","sticky":false,"template":"","format":"standard","meta":{"footnotes":""},"categories":[20,18],"tags":[29,31,25,26,27,24,28,30],"class_list":["post-5468","post","type-post","status-publish","format-standard","has-post-thumbnail","hentry","category-actualites-francais","category-paris-fonds-vert","tag-charte-sista","tag-elodie-bondi-fr","tag-lactips","tag-marie-helene-gramatikoff","tag-qualisteo","tag-sophie-paturle","tag-tibot","tag-yanne-courcoux-fr"],"_links":{"self":[{"href":"https:\/\/paris-fonds-vert.demeter-im.com\/en\/wp-json\/wp\/v2\/posts\/5468","targetHints":{"allow":["GET"]}}],"collection":[{"href":"https:\/\/paris-fonds-vert.demeter-im.com\/en\/wp-json\/wp\/v2\/posts"}],"about":[{"href":"https:\/\/paris-fonds-vert.demeter-im.com\/en\/wp-json\/wp\/v2\/types\/post"}],"author":[{"embeddable":true,"href":"https:\/\/paris-fonds-vert.demeter-im.com\/en\/wp-json\/wp\/v2\/users\/3"}],"replies":[{"embeddable":true,"href":"https:\/\/paris-fonds-vert.demeter-im.com\/en\/wp-json\/wp\/v2\/comments?post=5468"}],"version-history":[{"count":0,"href":"https:\/\/paris-fonds-vert.demeter-im.com\/en\/wp-json\/wp\/v2\/posts\/5468\/revisions"}],"wp:featuredmedia":[{"embeddable":true,"href":"https:\/\/paris-fonds-vert.demeter-im.com\/en\/wp-json\/wp\/v2\/media\/5476"}],"wp:attachment":[{"href":"https:\/\/paris-fonds-vert.demeter-im.com\/en\/wp-json\/wp\/v2\/media?parent=5468"}],"wp:term":[{"taxonomy":"category","embeddable":true,"href":"https:\/\/paris-fonds-vert.demeter-im.com\/en\/wp-json\/wp\/v2\/categories?post=5468"},{"taxonomy":"post_tag","embeddable":true,"href":"https:\/\/paris-fonds-vert.demeter-im.com\/en\/wp-json\/wp\/v2\/tags?post=5468"}],"curies":[{"name":"wp","href":"https:\/\/api.w.org\/{rel}","templated":true}]}}