{"id":5396,"date":"2019-09-25T16:13:48","date_gmt":"2019-09-25T14:13:48","guid":{"rendered":"https:\/\/demeter-im.com\/?p=5396"},"modified":"2019-09-25T16:13:48","modified_gmt":"2019-09-25T14:13:48","slug":"pinette-p-e-i-renforce-son-capital-pour-accelerer-sa-croissance-par-linnovation-et-linternational","status":"publish","type":"post","link":"https:\/\/paris-fonds-vert.demeter-im.com\/en\/pinette-p-e-i-renforce-son-capital-pour-accelerer-sa-croissance-par-linnovation-et-linternational\/","title":{"rendered":"PINETTE P.E.I. renforce son capital pour acc\u00e9l\u00e9rer sa croissance par l\u2019innovation et l\u2019international"},"content":{"rendered":"<p>Le groupe Pinette PEI, participation du FEM depuis 2016, a conduit avec succ\u00e8s une op\u00e9ration de renforcement de son capital (LBO III) en juillet 2019. Les fonds ainsi lev\u00e9s servent \u00e0 financer les ambitions de la soci\u00e9t\u00e9 \u00e0 l\u2019international,\u00a0notamment pour des acquisitions, et \u00e0 acc\u00e9l\u00e9rer la croissance par l\u2019innovation. A cette occasion, GENEO Capital rejoint les deux investisseurs \u2018historiques\u2019 GEI et Demeter\/FEM.<\/p>\n<div class=\"container padding-top-3x padding-bottom-3x\">\n<div class=\"row\">\n<div class=\"col-md-9 col-sm-8\">\n<article id=\"post-5290\" class=\"post-5290 post type-post status-publish format-standard has-post-thumbnail hentry category-actualites-francais tag-istar-medical\">\n<div class=\"container\">\n<p>Pour plus d\u2019information, merci de lire le communiqu\u00e9 de presse ci-apr\u00e8s: <a href=\"https:\/\/paris-fonds-vert.demeter-im.com\/wp-content\/uploads\/2019-09-16-Communique\u0301-de-presse-PINETTE-PEI-PDF.pdf\">Communique de Presse<\/a><\/p>\n<p>&nbsp;<\/p>\n<\/div>\n<\/article>\n<\/div>\n<\/div>\n<\/div>\n<p>&nbsp;<\/p>\n","protected":false},"excerpt":{"rendered":"<p>Le groupe Pinette PEI, participation du FEM depuis 2016, a conduit avec succ\u00e8s une op\u00e9ration de renforcement de son capital &hellip; <a href=\"https:\/\/paris-fonds-vert.demeter-im.com\/en\/pinette-p-e-i-renforce-son-capital-pour-accelerer-sa-croissance-par-linnovation-et-linternational\/\" class=\"more-link\">Continue reading<span class=\"screen-reader-text\"> &#8220;PINETTE P.E.I. renforce son capital pour acc\u00e9l\u00e9rer sa croissance par l\u2019innovation et l\u2019international&#8221;<\/span><\/a><\/p>\n","protected":false},"author":3,"featured_media":5412,"comment_status":"closed","ping_status":"closed","sticky":false,"template":"","format":"standard","meta":{"footnotes":""},"categories":[20,18],"tags":[22,23,21],"class_list":["post-5396","post","type-post","status-publish","format-standard","has-post-thumbnail","hentry","category-actualites-francais","category-paris-fonds-vert","tag-capital-entrepreneur","tag-geneo-fr","tag-pinette-p-e-i"],"_links":{"self":[{"href":"https:\/\/paris-fonds-vert.demeter-im.com\/en\/wp-json\/wp\/v2\/posts\/5396","targetHints":{"allow":["GET"]}}],"collection":[{"href":"https:\/\/paris-fonds-vert.demeter-im.com\/en\/wp-json\/wp\/v2\/posts"}],"about":[{"href":"https:\/\/paris-fonds-vert.demeter-im.com\/en\/wp-json\/wp\/v2\/types\/post"}],"author":[{"embeddable":true,"href":"https:\/\/paris-fonds-vert.demeter-im.com\/en\/wp-json\/wp\/v2\/users\/3"}],"replies":[{"embeddable":true,"href":"https:\/\/paris-fonds-vert.demeter-im.com\/en\/wp-json\/wp\/v2\/comments?post=5396"}],"version-history":[{"count":0,"href":"https:\/\/paris-fonds-vert.demeter-im.com\/en\/wp-json\/wp\/v2\/posts\/5396\/revisions"}],"wp:featuredmedia":[{"embeddable":true,"href":"https:\/\/paris-fonds-vert.demeter-im.com\/en\/wp-json\/wp\/v2\/media\/5412"}],"wp:attachment":[{"href":"https:\/\/paris-fonds-vert.demeter-im.com\/en\/wp-json\/wp\/v2\/media?parent=5396"}],"wp:term":[{"taxonomy":"category","embeddable":true,"href":"https:\/\/paris-fonds-vert.demeter-im.com\/en\/wp-json\/wp\/v2\/categories?post=5396"},{"taxonomy":"post_tag","embeddable":true,"href":"https:\/\/paris-fonds-vert.demeter-im.com\/en\/wp-json\/wp\/v2\/tags?post=5396"}],"curies":[{"name":"wp","href":"https:\/\/api.w.org\/{rel}","templated":true}]}}