{"id":455,"date":"2018-12-11T10:33:47","date_gmt":"2018-12-11T09:33:47","guid":{"rendered":"http:\/\/paris-fonds-vert.demeter-im.com\/?p=455"},"modified":"2018-12-11T10:33:47","modified_gmt":"2018-12-11T09:33:47","slug":"demeter-nomme-stephanie-chretien-au-poste-de-directrice-impact-et-esg","status":"publish","type":"post","link":"https:\/\/paris-fonds-vert.demeter-im.com\/en\/demeter-nomme-stephanie-chretien-au-poste-de-directrice-impact-et-esg\/","title":{"rendered":"Demeter appoints St\u00e9phanie Chr\u00e9tien as Chief Sustainability and Impact Officer"},"content":{"rendered":"<p>Demeter announces the appointment of St\u00e9phanie Chr\u00e9tien as Chief Sustainability and Impact Officer to reinforce its commitment to combine financial performance and environmental impact.<\/p>\n<p>For more details please refer to the press release:\u00a0<a href=\"http:\/\/demeter-im.com\/wp-content\/uploads\/2018\/12\/2018-12-St%C3%A9phanie-Chr%C3%A9tien-appointment-CSIO-EN.pdf\" target=\"_blank\" rel=\"noopener\">2018 12 \u2013 St\u00e9phanie Chr\u00e9tien appointment CS&amp;IO \u2013 EN<\/a><\/p>","protected":false},"excerpt":{"rendered":"<p>Demeter announces the appointment of St\u00e9phanie Chr\u00e9tien as Chief Sustainability and Impact Officer to reinforce its commitment to combine financial &hellip; <a href=\"https:\/\/paris-fonds-vert.demeter-im.com\/en\/demeter-nomme-stephanie-chretien-au-poste-de-directrice-impact-et-esg\/\" class=\"more-link\">Continue reading<span class=\"screen-reader-text\"> &#8220;Demeter appoints St\u00e9phanie Chr\u00e9tien as Chief Sustainability and Impact Officer&#8221;<\/span><\/a><\/p>\n","protected":false},"author":2,"featured_media":456,"comment_status":"open","ping_status":"open","sticky":false,"template":"","format":"standard","meta":{"footnotes":""},"categories":[1],"tags":[],"class_list":["post-455","post","type-post","status-publish","format-standard","has-post-thumbnail","hentry","category-non-classifiee"],"_links":{"self":[{"href":"https:\/\/paris-fonds-vert.demeter-im.com\/en\/wp-json\/wp\/v2\/posts\/455","targetHints":{"allow":["GET"]}}],"collection":[{"href":"https:\/\/paris-fonds-vert.demeter-im.com\/en\/wp-json\/wp\/v2\/posts"}],"about":[{"href":"https:\/\/paris-fonds-vert.demeter-im.com\/en\/wp-json\/wp\/v2\/types\/post"}],"author":[{"embeddable":true,"href":"https:\/\/paris-fonds-vert.demeter-im.com\/en\/wp-json\/wp\/v2\/users\/2"}],"replies":[{"embeddable":true,"href":"https:\/\/paris-fonds-vert.demeter-im.com\/en\/wp-json\/wp\/v2\/comments?post=455"}],"version-history":[{"count":1,"href":"https:\/\/paris-fonds-vert.demeter-im.com\/en\/wp-json\/wp\/v2\/posts\/455\/revisions"}],"predecessor-version":[{"id":457,"href":"https:\/\/paris-fonds-vert.demeter-im.com\/en\/wp-json\/wp\/v2\/posts\/455\/revisions\/457"}],"wp:featuredmedia":[{"embeddable":true,"href":"https:\/\/paris-fonds-vert.demeter-im.com\/en\/wp-json\/wp\/v2\/media\/456"}],"wp:attachment":[{"href":"https:\/\/paris-fonds-vert.demeter-im.com\/en\/wp-json\/wp\/v2\/media?parent=455"}],"wp:term":[{"taxonomy":"category","embeddable":true,"href":"https:\/\/paris-fonds-vert.demeter-im.com\/en\/wp-json\/wp\/v2\/categories?post=455"},{"taxonomy":"post_tag","embeddable":true,"href":"https:\/\/paris-fonds-vert.demeter-im.com\/en\/wp-json\/wp\/v2\/tags?post=455"}],"curies":[{"name":"wp","href":"https:\/\/api.w.org\/{rel}","templated":true}]}}